{"id":13085,"date":"2021-11-19T01:02:00","date_gmt":"2021-11-19T04:02:00","guid":{"rendered":"http:\/\/panoramadelsur.com.ar\/?p=13085"},"modified":"2021-11-18T16:22:06","modified_gmt":"2021-11-18T19:22:06","slug":"la-linea-del-ferrocarril-san-martin-extiende-horario-nocturno-y-suma-frecuencias","status":"publish","type":"post","link":"https:\/\/panoramadelsur.com.ar\/?p=13085","title":{"rendered":"LA L\u00cdNEA DEL FERROCARRIL SAN MART\u00cdN EXTIENDE HORARIO NOCTURNO Y SUMA FRECUENCIAS"},"content":{"rendered":"\n<p class=\"wp-block-paragraph\">La L\u00ednea del Ferrocarril San Mart\u00edn extender\u00e1 desde este lunes 22 de noviembre su horario nocturno con un nuevo cronograma que incorporar\u00e1 31 nuevos servicios diarios para permitir acortar los tiempos de espera y ofrecer m\u00e1s espacio y comodidad a pasajeros y pasajeras.<\/p>\n\n\n\n<p class=\"wp-block-paragraph\">La iniciativa forma parte del plan de recuperaci\u00f3n ferroviaria que lleva adelante el ministro de Transporte, Alexis Guerrera.<\/p>\n\n\n\n<p class=\"wp-block-paragraph\">Seg\u00fan informaron fuentes de Trenes Argentinos, el ramal que une la Ciudad de Buenos Aires con la localidad bonaerense de Pilar y con Dr. Cabred pasar\u00e1 a tener 153 servicios de lunes a viernes contra los 122 actuales, mientras que los s\u00e1bados se incrementar\u00e1 la oferta de 112 a 128 trenes y los domingos se adicionar\u00e1n tres nuevas frecuencias.<\/p>\n\n\n\n<p class=\"wp-block-paragraph\">Conjuntamente, se extender\u00e1 el horario nocturno del ramal, ya que el \u00faltimo servicio se despachar\u00e1 a las 23:45 desde Retiro y el primer tren de la jornada partir\u00e1 a la 1:30.<\/p>\n\n\n\n<p class=\"wp-block-paragraph\">La modificaci\u00f3n implica que el ferrocarril San Mart\u00edn brindar\u00e1 servicio durante toda la jornada.<\/p>\n\n\n\n<p class=\"wp-block-paragraph\">El presidente de Trenes Argentinos, Mart\u00edn Marinucci, destac\u00f3 que \u201cla ampliaci\u00f3n en el horario nocturno del servicio de la l\u00ednea San Mart\u00edn era un pedido de gran parte de nuestros pasajeros y pasajeras; es por eso que como nos comprometimos al principio de nuestra gesti\u00f3n realizamos tareas para tener un tren cada vez m\u00e1s inclusivo\u201d.<\/p>\n\n\n\n<p class=\"wp-block-paragraph\">\u00abEstamos respondiendo al pedido del presidente, Alberto Fern\u00e1ndez, y del ministro, Alexis Guerrera, de brindarle mejores condiciones de viaje a cada una de las personas que viaja en tren\u00bb, a\u00f1adi\u00f3.<a href=\"javascript:void(0)\"><\/a><\/p>\n","protected":false},"excerpt":{"rendered":"<p>La L\u00ednea<\/p>\n","protected":false},"author":1,"featured_media":39574,"comment_status":"open","ping_status":"open","sticky":false,"template":"","format":"standard","meta":{"footnotes":""},"categories":[8,5],"tags":[],"class_list":["post-13085","post","type-post","status-publish","format-standard","has-post-thumbnail","hentry","category-para-agendar","category-provincia"],"_links":{"self":[{"href":"https:\/\/panoramadelsur.com.ar\/index.php?rest_route=\/wp\/v2\/posts\/13085","targetHints":{"allow":["GET"]}}],"collection":[{"href":"https:\/\/panoramadelsur.com.ar\/index.php?rest_route=\/wp\/v2\/posts"}],"about":[{"href":"https:\/\/panoramadelsur.com.ar\/index.php?rest_route=\/wp\/v2\/types\/post"}],"author":[{"embeddable":true,"href":"https:\/\/panoramadelsur.com.ar\/index.php?rest_route=\/wp\/v2\/users\/1"}],"replies":[{"embeddable":true,"href":"https:\/\/panoramadelsur.com.ar\/index.php?rest_route=%2Fwp%2Fv2%2Fcomments&post=13085"}],"version-history":[{"count":1,"href":"https:\/\/panoramadelsur.com.ar\/index.php?rest_route=\/wp\/v2\/posts\/13085\/revisions"}],"predecessor-version":[{"id":13087,"href":"https:\/\/panoramadelsur.com.ar\/index.php?rest_route=\/wp\/v2\/posts\/13085\/revisions\/13087"}],"wp:featuredmedia":[{"embeddable":true,"href":"https:\/\/panoramadelsur.com.ar\/index.php?rest_route=\/wp\/v2\/media\/39574"}],"wp:attachment":[{"href":"https:\/\/panoramadelsur.com.ar\/index.php?rest_route=%2Fwp%2Fv2%2Fmedia&parent=13085"}],"wp:term":[{"taxonomy":"category","embeddable":true,"href":"https:\/\/panoramadelsur.com.ar\/index.php?rest_route=%2Fwp%2Fv2%2Fcategories&post=13085"},{"taxonomy":"post_tag","embeddable":true,"href":"https:\/\/panoramadelsur.com.ar\/index.php?rest_route=%2Fwp%2Fv2%2Ftags&post=13085"}],"curies":[{"name":"wp","href":"https:\/\/api.w.org\/{rel}","templated":true}]}}