{"id":13103,"date":"2021-11-19T01:03:00","date_gmt":"2021-11-19T04:03:00","guid":{"rendered":"https:\/\/panoramadelsur.com.ar\/?p=13103"},"modified":"2021-11-19T01:19:20","modified_gmt":"2021-11-19T04:19:20","slug":"varela-postas-itinerantes-de-vacunacion","status":"publish","type":"post","link":"https:\/\/panoramadelsur.com.ar\/?p=13103","title":{"rendered":"VARELA: POSTAS ITINERANTES DE VACUNACI\u00d3N"},"content":{"rendered":"\n<p class=\"wp-block-paragraph\">La Comuna, a trav\u00e9s de su Secretar\u00eda de Salud, informa que contin\u00faan a disposici\u00f3n de la ciudadan\u00eda las postas itinerantes de vacunaci\u00f3n. En la jornada de este viernes de 10 a 15 hs., estar\u00e1n aplicando vacunas de calendario y contra Covid-19 en&nbsp; el barrio Los Tronquitos 2,&nbsp;en la calle&nbsp;1529 N\u00ba 3506 esquina calle 1570.<\/p>\n\n\n\n<p class=\"wp-block-paragraph\">Adem\u00e1s, durante esta semana, los operativos estuvieron el d\u00eda mi\u00e9rcoles en el barrio Pico de Oro y el jueves en Santo Tomas.<\/p>\n\n\n\n<p class=\"wp-block-paragraph\">Cabe destacar que para primeras y segundas dosis libre contra Coronavirus, pueden acercarse a la posta&nbsp;sin turno previo las siguientes personas: mayores de 18 a\u00f1os, mayores de 12 a\u00f1os con factores de riesgo, as\u00ed como, quienes hayan perdido un turno previamente asignado.<\/p>\n","protected":false},"excerpt":{"rendered":"<p>La Comuna,<\/p>\n","protected":false},"author":1,"featured_media":39574,"comment_status":"open","ping_status":"open","sticky":false,"template":"","format":"standard","meta":{"footnotes":""},"categories":[8,3],"tags":[],"class_list":["post-13103","post","type-post","status-publish","format-standard","has-post-thumbnail","hentry","category-para-agendar","category-regionales"],"_links":{"self":[{"href":"https:\/\/panoramadelsur.com.ar\/index.php?rest_route=\/wp\/v2\/posts\/13103","targetHints":{"allow":["GET"]}}],"collection":[{"href":"https:\/\/panoramadelsur.com.ar\/index.php?rest_route=\/wp\/v2\/posts"}],"about":[{"href":"https:\/\/panoramadelsur.com.ar\/index.php?rest_route=\/wp\/v2\/types\/post"}],"author":[{"embeddable":true,"href":"https:\/\/panoramadelsur.com.ar\/index.php?rest_route=\/wp\/v2\/users\/1"}],"replies":[{"embeddable":true,"href":"https:\/\/panoramadelsur.com.ar\/index.php?rest_route=%2Fwp%2Fv2%2Fcomments&post=13103"}],"version-history":[{"count":1,"href":"https:\/\/panoramadelsur.com.ar\/index.php?rest_route=\/wp\/v2\/posts\/13103\/revisions"}],"predecessor-version":[{"id":13105,"href":"https:\/\/panoramadelsur.com.ar\/index.php?rest_route=\/wp\/v2\/posts\/13103\/revisions\/13105"}],"wp:featuredmedia":[{"embeddable":true,"href":"https:\/\/panoramadelsur.com.ar\/index.php?rest_route=\/wp\/v2\/media\/39574"}],"wp:attachment":[{"href":"https:\/\/panoramadelsur.com.ar\/index.php?rest_route=%2Fwp%2Fv2%2Fmedia&parent=13103"}],"wp:term":[{"taxonomy":"category","embeddable":true,"href":"https:\/\/panoramadelsur.com.ar\/index.php?rest_route=%2Fwp%2Fv2%2Fcategories&post=13103"},{"taxonomy":"post_tag","embeddable":true,"href":"https:\/\/panoramadelsur.com.ar\/index.php?rest_route=%2Fwp%2Fv2%2Ftags&post=13103"}],"curies":[{"name":"wp","href":"https:\/\/api.w.org\/{rel}","templated":true}]}}