{"id":13109,"date":"2021-11-19T01:28:30","date_gmt":"2021-11-19T04:28:30","guid":{"rendered":"https:\/\/panoramadelsur.com.ar\/?p=13109"},"modified":"2021-11-19T01:28:31","modified_gmt":"2021-11-19T04:28:31","slug":"continua-avanzando-el-plan-de-bacheo-municipal-en-quilmes-este","status":"publish","type":"post","link":"https:\/\/panoramadelsur.com.ar\/?p=13109","title":{"rendered":"CONTIN\u00daA AVANZANDO EL PLAN DE BACHEO MUNICIPAL EN QUILMES ESTE"},"content":{"rendered":"\n<p>El Municipio de Quilmes informa que contin\u00faan desarroll\u00e1ndose las tareas de bacheo en Quilmes Este, en este caso en la zona comprendida por la calle Emilio Zola, entre Dorrego y Hern\u00e1ndez. Esto se enmarca en las 200 obras que se llevan adelante en el distrito &nbsp;por iniciativa de la intendenta Mayra Mendoza.<\/p>\n\n\n\n<p>Estos trabajos, que se encuentran en sus instancias finales, &nbsp;consistieron en la realizaci\u00f3n de &nbsp;tareas de bacheo profundo y luego encarpetado, como parte del Plan de Bacheo Municipal que se desarrolla a lo largo y a lo ancho del municipio.<\/p>\n\n\n\n<p>Las tareas, que fueron efectuadas por trabajadores del \u00e1rea de la secretar\u00eda de Desarrollo Urbano y Obra P\u00fablica, cuya titular es Ceci Soler, buscan mejorar una arteria importante de la ciudad y el tr\u00e1nsito del lugar, donde diariamente transitan decenas de colectivos.<\/p>\n","protected":false},"excerpt":{"rendered":"<p>El Municipio<\/p>\n","protected":false},"author":1,"featured_media":39574,"comment_status":"open","ping_status":"open","sticky":false,"template":"","format":"standard","meta":{"footnotes":""},"categories":[2],"tags":[],"class_list":["post-13109","post","type-post","status-publish","format-standard","has-post-thumbnail","hentry","category-quilmes"],"_links":{"self":[{"href":"https:\/\/panoramadelsur.com.ar\/index.php?rest_route=\/wp\/v2\/posts\/13109","targetHints":{"allow":["GET"]}}],"collection":[{"href":"https:\/\/panoramadelsur.com.ar\/index.php?rest_route=\/wp\/v2\/posts"}],"about":[{"href":"https:\/\/panoramadelsur.com.ar\/index.php?rest_route=\/wp\/v2\/types\/post"}],"author":[{"embeddable":true,"href":"https:\/\/panoramadelsur.com.ar\/index.php?rest_route=\/wp\/v2\/users\/1"}],"replies":[{"embeddable":true,"href":"https:\/\/panoramadelsur.com.ar\/index.php?rest_route=%2Fwp%2Fv2%2Fcomments&post=13109"}],"version-history":[{"count":1,"href":"https:\/\/panoramadelsur.com.ar\/index.php?rest_route=\/wp\/v2\/posts\/13109\/revisions"}],"predecessor-version":[{"id":13111,"href":"https:\/\/panoramadelsur.com.ar\/index.php?rest_route=\/wp\/v2\/posts\/13109\/revisions\/13111"}],"wp:featuredmedia":[{"embeddable":true,"href":"https:\/\/panoramadelsur.com.ar\/index.php?rest_route=\/wp\/v2\/media\/39574"}],"wp:attachment":[{"href":"https:\/\/panoramadelsur.com.ar\/index.php?rest_route=%2Fwp%2Fv2%2Fmedia&parent=13109"}],"wp:term":[{"taxonomy":"category","embeddable":true,"href":"https:\/\/panoramadelsur.com.ar\/index.php?rest_route=%2Fwp%2Fv2%2Fcategories&post=13109"},{"taxonomy":"post_tag","embeddable":true,"href":"https:\/\/panoramadelsur.com.ar\/index.php?rest_route=%2Fwp%2Fv2%2Ftags&post=13109"}],"curies":[{"name":"wp","href":"https:\/\/api.w.org\/{rel}","templated":true}]}}