{"id":13112,"date":"2021-11-19T01:03:00","date_gmt":"2021-11-19T04:03:00","guid":{"rendered":"https:\/\/panoramadelsur.com.ar\/?p=13112"},"modified":"2021-11-19T01:35:54","modified_gmt":"2021-11-19T04:35:54","slug":"axel-kicillof-no-hubo-en-quilmes-un-intendente-que-haya-hecho-tanto-por-la-educacion-como-mayra","status":"publish","type":"post","link":"https:\/\/panoramadelsur.com.ar\/?p=13112","title":{"rendered":"AXEL KICILLOF: \u00abNO HUBO EN QUILMES UN INTENDENTE QUE HAYA HECHO TANTO POR LA EDUCACI\u00d3N COMO MAYRA\u00bb"},"content":{"rendered":"\n<p class=\"wp-block-paragraph\">La intendenta de Quilmes, Mayra Mendoza, junto con el gobernador de la provincia de Buenos Aires, Axel Kicillof; la ministra de Gobierno provincial, Cristina \u00c1lvarez Rodr\u00edguez, y la directora general de Cultura y Educaci\u00f3n bonaerense, Agustina Vila, firmaron el convenio para la construcci\u00f3n del nuevo edificio del Instituto Superior de Formaci\u00f3n Docente (ISFD) N\u00ba 83 y la obra integral de la Escuela de Ense\u00f1anza Media (EEM) N\u00ba 2, en San Francisco Solano.<\/p>\n\n\n\n<p class=\"wp-block-paragraph\">\u201cEste es un acto de celebraci\u00f3n. El instituto tiene 34 a\u00f1os de historia y nunca hab\u00eda tenido un edificio propio y es una demanda de la comunidad de Solano que ISFD N\u00ba 83 cuente con sus instalaciones para poder brindar una mejor calidad de ense\u00f1anza y d educaci\u00f3n p\u00fablica. Esta firma de convenio va a poder garantizar las condiciones para el aprendizaje de los m\u00e1s de dos mil docentes que all\u00ed se forman. Adem\u00e1s, vamos a realizar una obra de mejora integral en el Piedrabuena, en lo que ser\u00e1 un Polo Educativo en Solano. Vamos a seguir trabajando por los vecinos y vecinas de todos los barrios de Quilmes\u201d, afirm\u00f3 Mayra.<\/p>\n\n\n\n<p class=\"wp-block-paragraph\">Por su parte, el gobernador Kicillof se\u00f1al\u00f3: \u201cEsta es una de las 168 obras que se llevan a cabo en Quilmes, algunas terminadas, otras en proceso y otras en proyecto, ya financiadas. No hubo en Quilmes un intendente que haya hecho tanto por la educaci\u00f3n como Mayra. Este distrito ten\u00eda muy postergada y abandonada la educaci\u00f3n, y con el programa Escuelas a la Obra estamos arreglando m\u00e1s de 4 mil edificios en toda la Provincia para que sean seguros\u201d.<\/p>\n\n\n\n<p class=\"wp-block-paragraph\">\u201cEs un d\u00eda de mucha alegr\u00eda. Estamos concretando la reivindicaci\u00f3n del instituto con su edificio propio y la puesta en valor de la Media 2. Esto beneficia a la comunidad educativa de las dos instituciones y pone en valor a todo el barrio\u201d, expres\u00f3 Vila.<\/p>\n\n\n\n<p class=\"wp-block-paragraph\">En esta l\u00ednea, la directora del ISFD N\u00ba 83, Claudia Ciarlantini, indic\u00f3: \u201cEste nuevo va a cambiar mucho, como la calidad educativa, mejora el lugar y nos hace visibles, que es un punto central, ya que es un espacio propio, en el que nos pueden encontrar y no estar \u2018arriba de la farmacia\u2019. Nos va a permitir recibir y alojar a los estudiantes del nivel superior como se lo merecen. Celebramos esta decisi\u00f3n de poder tener el edificio propio\u201d.<\/p>\n\n\n\n<p class=\"wp-block-paragraph\">El ISFD N\u00ba 83 fue creado hace m\u00e1s de tres d\u00e9cadas en respuesta a la necesidad de acceso a la educaci\u00f3n superior de j\u00f3venes y adultos que resid\u00edan en zonas perif\u00e9ricas del distrito. Actualmente, los profesorados y tecnicaturas de su oferta educativa, que a\u00f1o tras a\u00f1o ampl\u00edan su convocatoria, se dictan en diferentes locaciones de la zona. En 2020 y 2021 se registr\u00f3 un notorio incremento en la matr\u00edcula, lo que puso en evidencia la necesidad de mejorar las condiciones de infraestructura del Instituto para garantizar que este pueda contener a todos sus estudiantes, sin las limitaciones que presentan -en t\u00e9rminos de horario o espacio- las locaciones actuales.<\/p>\n\n\n\n<p class=\"wp-block-paragraph\">En este contexto, surgi\u00f3 la propuesta de construir un nuevo edificio en una zona central de Solano, en una ubicaci\u00f3n que tiene alta conectividad de transporte e importancia comercial y social.<\/p>\n\n\n\n<p class=\"wp-block-paragraph\">El dise\u00f1o de la obra contempla que en la planta baja se desarrollar\u00e1 la parte m\u00e1s p\u00fablica, conform\u00e1ndose por un sal\u00f3n de usos m\u00faltiples, un comedor y un \u00e1rea administrativa abierta al p\u00fablico para informaci\u00f3n. Luego, las plantas superiores del edificio contar\u00e1n con 22 \u00e1reas educativas, divididas entre aulas y talleres, una biblioteca, salas de tecnolog\u00eda, \u00e1reas administrativas, cocina para personal, sala de profesores, una preceptor\u00eda por cada piso, salas de maternidad, sala de salubridad, y una amplia terraza de uso com\u00fan en el \u00faltimo piso.<\/p>\n\n\n\n<p class=\"wp-block-paragraph\">Tambi\u00e9n estuvieron presentes en el acto el jefe de Gabinete local, Alejandro Gandulfo; el secretario de Educaci\u00f3n, Joaqu\u00edn Desmery, y la presidenta del Honorable Consejo Escolar de Quilmes, Susana Brardinelli, entre otros funcionarios, autoridades educativas, docentes y representantes del Centro de Estudiantes del ISFD N\u00ba 83.<\/p>\n","protected":false},"excerpt":{"rendered":"<p>La intendenta<\/p>\n","protected":false},"author":1,"featured_media":39574,"comment_status":"open","ping_status":"open","sticky":false,"template":"","format":"standard","meta":{"footnotes":""},"categories":[1,2],"tags":[],"class_list":["post-13112","post","type-post","status-publish","format-standard","has-post-thumbnail","hentry","category-destacados","category-quilmes"],"_links":{"self":[{"href":"https:\/\/panoramadelsur.com.ar\/index.php?rest_route=\/wp\/v2\/posts\/13112","targetHints":{"allow":["GET"]}}],"collection":[{"href":"https:\/\/panoramadelsur.com.ar\/index.php?rest_route=\/wp\/v2\/posts"}],"about":[{"href":"https:\/\/panoramadelsur.com.ar\/index.php?rest_route=\/wp\/v2\/types\/post"}],"author":[{"embeddable":true,"href":"https:\/\/panoramadelsur.com.ar\/index.php?rest_route=\/wp\/v2\/users\/1"}],"replies":[{"embeddable":true,"href":"https:\/\/panoramadelsur.com.ar\/index.php?rest_route=%2Fwp%2Fv2%2Fcomments&post=13112"}],"version-history":[{"count":1,"href":"https:\/\/panoramadelsur.com.ar\/index.php?rest_route=\/wp\/v2\/posts\/13112\/revisions"}],"predecessor-version":[{"id":13114,"href":"https:\/\/panoramadelsur.com.ar\/index.php?rest_route=\/wp\/v2\/posts\/13112\/revisions\/13114"}],"wp:featuredmedia":[{"embeddable":true,"href":"https:\/\/panoramadelsur.com.ar\/index.php?rest_route=\/wp\/v2\/media\/39574"}],"wp:attachment":[{"href":"https:\/\/panoramadelsur.com.ar\/index.php?rest_route=%2Fwp%2Fv2%2Fmedia&parent=13112"}],"wp:term":[{"taxonomy":"category","embeddable":true,"href":"https:\/\/panoramadelsur.com.ar\/index.php?rest_route=%2Fwp%2Fv2%2Fcategories&post=13112"},{"taxonomy":"post_tag","embeddable":true,"href":"https:\/\/panoramadelsur.com.ar\/index.php?rest_route=%2Fwp%2Fv2%2Ftags&post=13112"}],"curies":[{"name":"wp","href":"https:\/\/api.w.org\/{rel}","templated":true}]}}