{"id":13127,"date":"2021-11-24T01:00:00","date_gmt":"2021-11-24T04:00:00","guid":{"rendered":"http:\/\/panoramadelsur.com.ar\/?p=13127"},"modified":"2021-11-24T06:51:10","modified_gmt":"2021-11-24T09:51:10","slug":"actos-de-vandalismo-contra-bustos-de-peron-y-evita-y-mural-de-santiago-maldonado-en-berisso","status":"publish","type":"post","link":"https:\/\/panoramadelsur.com.ar\/?p=13127","title":{"rendered":"ACTOS DE VANDALISMO CONTRA BUSTOS DE PER\u00d3N Y EVITA Y MURAL DE SANTIAGO MALDONADO EN BERISSO"},"content":{"rendered":"\n<p>Organismos de derechos humanos, funcionarios y dirigentes pol\u00edticos repudiaron un acto de vandalismo contra los bustos del expresidente Juan Domingo Per\u00f3n y de Eva Duarte de Per\u00f3n y un mural de Santiago Maldonado, que fueron pintados con aerosol en la ciudad bonaerense de Berisso.<\/p>\n\n\n\n<p>El ataque vand\u00e1lico, que ocurri\u00f3 en la madrugada del lunes, fue calificado como \u00abun ataque de odio\u00bb que obedece a razones de car\u00e1cter pol\u00edtico.<\/p>\n\n\n\n<p>El ataque fue repudiado por la Subsecretar\u00eda de Derechos Humanos de la Provincia de Buenos Aires, que a trav\u00e9s de sus redes sociales manifest\u00f3 que \u00abestos actos se inscriben en el mismo negacionismo que pone en duda la cantidad de desaparecidos y desaparecidas, relativiza el terrorismo de Estado durante la \u00faltima dictadura c\u00edvico-militar y busca la impunidad de los genocidas y represores\u00bb.<\/p>\n\n\n\n<p>El organismo manifest\u00f3 el rechazo \u00aba estas pr\u00e1cticas, guiadas por el odio y la violencia\u00bb y sostuvo que \u00abla defensa indeclinable de los derechos humanos es imprescindible para fortalecer la democracia y construir una Provincia con m\u00e1s Memoria, Verdad y Justicia\u00bb.<\/p>\n\n\n\n<p>El intendente de Berisso, Fabi\u00e1n Cagliardi, indic\u00f3 que \u00ablos berissenses no toleramos este tipo de actitudes de odio y violencia pol\u00edtica\u00bb, por lo realiz\u00f3 la denuncia penal correspondiente.<\/p>\n\n\n\n<p>A\u00f1adi\u00f3 que fueron entregadas a la justicias las im\u00e1genes registradas por las c\u00e1maras de seguridad del Centro de Operaciones y Monitoreo municipal que \u00abcaptan el momento preciso del accionar cobarde, intolerante y lleno de odio del autor de las pintadas perpetradas contra los bustos de Juan Domingo y Eva Per\u00f3n, y el mural que recuerda a Santiago Maldonado\u00bb, para que \u00abla Justicia investigue, encuentre y condene al responsable de este cobarde y repudiable acto de vandalismo\u00bb.<\/p>\n\n\n\n<p>Por su parte, el PJ de Berisso convoc\u00f3 a un acto de repudio bajo el lema \u00abEl amor vence al odio\u00bb.<\/p>\n\n\n\n<p>Las im\u00e1genes permiten observar a un hombre que alrededor de las 2 de la ma\u00f1ana realiz\u00f3 el ataque para luego retirarse caminando.<\/p>\n","protected":false},"excerpt":{"rendered":"<p>Organismos de<\/p>\n","protected":false},"author":1,"featured_media":39574,"comment_status":"open","ping_status":"open","sticky":false,"template":"","format":"standard","meta":{"footnotes":""},"categories":[10,5],"tags":[],"class_list":["post-13127","post","type-post","status-publish","format-standard","has-post-thumbnail","hentry","category-mas-noticias","category-provincia"],"_links":{"self":[{"href":"https:\/\/panoramadelsur.com.ar\/index.php?rest_route=\/wp\/v2\/posts\/13127","targetHints":{"allow":["GET"]}}],"collection":[{"href":"https:\/\/panoramadelsur.com.ar\/index.php?rest_route=\/wp\/v2\/posts"}],"about":[{"href":"https:\/\/panoramadelsur.com.ar\/index.php?rest_route=\/wp\/v2\/types\/post"}],"author":[{"embeddable":true,"href":"https:\/\/panoramadelsur.com.ar\/index.php?rest_route=\/wp\/v2\/users\/1"}],"replies":[{"embeddable":true,"href":"https:\/\/panoramadelsur.com.ar\/index.php?rest_route=%2Fwp%2Fv2%2Fcomments&post=13127"}],"version-history":[{"count":1,"href":"https:\/\/panoramadelsur.com.ar\/index.php?rest_route=\/wp\/v2\/posts\/13127\/revisions"}],"predecessor-version":[{"id":13129,"href":"https:\/\/panoramadelsur.com.ar\/index.php?rest_route=\/wp\/v2\/posts\/13127\/revisions\/13129"}],"wp:featuredmedia":[{"embeddable":true,"href":"https:\/\/panoramadelsur.com.ar\/index.php?rest_route=\/wp\/v2\/media\/39574"}],"wp:attachment":[{"href":"https:\/\/panoramadelsur.com.ar\/index.php?rest_route=%2Fwp%2Fv2%2Fmedia&parent=13127"}],"wp:term":[{"taxonomy":"category","embeddable":true,"href":"https:\/\/panoramadelsur.com.ar\/index.php?rest_route=%2Fwp%2Fv2%2Fcategories&post=13127"},{"taxonomy":"post_tag","embeddable":true,"href":"https:\/\/panoramadelsur.com.ar\/index.php?rest_route=%2Fwp%2Fv2%2Ftags&post=13127"}],"curies":[{"name":"wp","href":"https:\/\/api.w.org\/{rel}","templated":true}]}}