{"id":1358,"date":"2021-03-09T15:37:23","date_gmt":"2021-03-09T15:37:23","guid":{"rendered":"http:\/\/panoramadelsur.com.ar\/?p=1358"},"modified":"2021-03-09T15:37:44","modified_gmt":"2021-03-09T15:37:44","slug":"banfield-juega-manana-ante-guemes-de-santiago-del-estero-por-la-copa-argentina","status":"publish","type":"post","link":"https:\/\/panoramadelsur.com.ar\/?p=1358","title":{"rendered":"Banfield juega ma\u00f1ana ante G\u00fcemes de Santiago del Estero por la Copa Argentina"},"content":{"rendered":"\n<p class=\"wp-block-paragraph\">Banfield, uno de los animadores de la Copa de Liga, buscar\u00e1 el pase a la pr\u00f3xima instancia de la Copa Argentina cuando juegue ma\u00f1ana ante Sportivo G\u00fcemes de Santiago del Estero, que acaba de ascender del Federal A al Torneo Nacional, en un encuentro por los 32vos de final.<\/p>\n\n\n\n<p class=\"wp-block-paragraph\">El partidos se jugar\u00e1 desde las 17.10 en el estadio Alfredo Beranger, del club Temperley, y ser\u00e1 televisado por TyC Sports.<\/p>\n\n\n\n<p class=\"wp-block-paragraph\">En caso de empate el vencedor se definir\u00e1 mediante remates desde el punto penal y el ganador de esta llave jugar\u00e1 en 16vos ante Deportivo Madryn, que elimin\u00f3 a Platense.<\/p>\n\n\n\n<p class=\"wp-block-paragraph\">Banfield hizo una notable campa\u00f1a en la reciente Copa Diego Maradona, en la que perdi\u00f3 la final ante Boca Juniors, en definici\u00f3n con tiros desde el punto penal tras empatar 1-1, y en la presente Copa de Liga baj\u00f3 un poco el rendimiento en los dos \u00faltimos juegos al caer de local ante col\u00f3n (0-3) y empatar de visita (1-1) ante Central C\u00f3rdoba de Santiago del Estero.<\/p>\n\n\n\n<p class=\"wp-block-paragraph\">El equipo de Javier Sanguinetti se caracteriza por su juego ofensivo, de r\u00e1pida transici\u00f3n de defensa a ataque y con dos j\u00f3venes que brillan sobre el resto como Mart\u00edn Payero y Giuliano Galoppo.<\/p>\n\n\n\n<p class=\"wp-block-paragraph\">Por su parte, Sportivo G\u00fcemes, dirigido por Pablo Martel, llega con la emoci\u00f3n de haber alcanzado por primera vez en su historia el ascenso al Nacional al vencer en la final a Villa Mitre de Bah\u00eda Blanca, en definici\u00f3n por penales (4-2), tras empatar 1-1 al culminar los 90 minutos el 18 de enero pasado en cancha de Instituto.<\/p>\n\n\n\n<p class=\"wp-block-paragraph\">El equipo, que en la primera fase regional elimin\u00f3 a Central Norte de Salta, debutar\u00e1 en el Nacional el domingo pr\u00f3ximo como local ante Ferro Carril Oeste<\/p>\n\n\n\n<p class=\"wp-block-paragraph\">El entrenador Martel fue claro sobre las chances de su equipo: \u00abLo venimos analizando a Banfield hace tiempo. Es protagonista en Primera, tiene una base importante de jugadores y un buen funcionamiento. Se hace fuerte por las bandas especialmente con jugadores como Mauricio Cuero. Si estamos enchufados, podemos emparejar las acciones y hacer un buen partido\u00bb.<\/p>\n\n\n\n<p class=\"wp-block-paragraph\">+ Probables formaciones +<\/p>\n\n\n\n<p class=\"wp-block-paragraph\">Banfield: Mauricio Arboleda; Emanuel Coronel, Alexis Maldonado, Luciano Lollo y Franco Quinteros; Alejandro Cabrera y Giuliano Galloppo; Juan Pablo \u00c1lvarez, Jes\u00fas D\u00e1tolo y Mauricio Cuero; Luciano Pons. DT: Javier Sanguinetti.<\/p>\n\n\n\n<p class=\"wp-block-paragraph\">G\u00fcemes (Santiago del Estero): Juan Mendonca; Juan Salas, Gabriel Fern\u00e1ndez, Nahuel Valenzuela y Nahuel Z\u00e1rate; Lucas Algozino, Pablo L\u00f3pez, Nicol\u00e1s Ju\u00e1rez y Franco Canever; Claudio Vega y David Romero. DT: Pablo Martel.<\/p>\n\n\n\n<p class=\"wp-block-paragraph\">\u00c1rbitro: Carlos C\u00f3rdoba.<\/p>\n\n\n\n<p class=\"wp-block-paragraph\">Cancha: Temperley.<\/p>\n\n\n\n<p class=\"wp-block-paragraph\">Hora de inicio: 17.10.<\/p>\n\n\n\n<p class=\"wp-block-paragraph\">TV: TyC Sports.<\/p>\n","protected":false},"excerpt":{"rendered":"<p>Banfield, uno<\/p>\n","protected":false},"author":1,"featured_media":39574,"comment_status":"open","ping_status":"open","sticky":false,"template":"","format":"standard","meta":{"footnotes":""},"categories":[6],"tags":[],"class_list":["post-1358","post","type-post","status-publish","format-standard","has-post-thumbnail","hentry","category-deportes"],"_links":{"self":[{"href":"https:\/\/panoramadelsur.com.ar\/index.php?rest_route=\/wp\/v2\/posts\/1358","targetHints":{"allow":["GET"]}}],"collection":[{"href":"https:\/\/panoramadelsur.com.ar\/index.php?rest_route=\/wp\/v2\/posts"}],"about":[{"href":"https:\/\/panoramadelsur.com.ar\/index.php?rest_route=\/wp\/v2\/types\/post"}],"author":[{"embeddable":true,"href":"https:\/\/panoramadelsur.com.ar\/index.php?rest_route=\/wp\/v2\/users\/1"}],"replies":[{"embeddable":true,"href":"https:\/\/panoramadelsur.com.ar\/index.php?rest_route=%2Fwp%2Fv2%2Fcomments&post=1358"}],"version-history":[{"count":1,"href":"https:\/\/panoramadelsur.com.ar\/index.php?rest_route=\/wp\/v2\/posts\/1358\/revisions"}],"predecessor-version":[{"id":1360,"href":"https:\/\/panoramadelsur.com.ar\/index.php?rest_route=\/wp\/v2\/posts\/1358\/revisions\/1360"}],"wp:featuredmedia":[{"embeddable":true,"href":"https:\/\/panoramadelsur.com.ar\/index.php?rest_route=\/wp\/v2\/media\/39574"}],"wp:attachment":[{"href":"https:\/\/panoramadelsur.com.ar\/index.php?rest_route=%2Fwp%2Fv2%2Fmedia&parent=1358"}],"wp:term":[{"taxonomy":"category","embeddable":true,"href":"https:\/\/panoramadelsur.com.ar\/index.php?rest_route=%2Fwp%2Fv2%2Fcategories&post=1358"},{"taxonomy":"post_tag","embeddable":true,"href":"https:\/\/panoramadelsur.com.ar\/index.php?rest_route=%2Fwp%2Fv2%2Ftags&post=1358"}],"curies":[{"name":"wp","href":"https:\/\/api.w.org\/{rel}","templated":true}]}}