{"id":13757,"date":"2021-12-07T10:27:55","date_gmt":"2021-12-07T13:27:55","guid":{"rendered":"https:\/\/panoramadelsur.com.ar\/?p=13757"},"modified":"2021-12-07T10:27:56","modified_gmt":"2021-12-07T13:27:56","slug":"la-subsecretaria-de-turismo-dijo-que-el-programa-de-viajes-de-egresados-es-una-politica-inclusiva","status":"publish","type":"post","link":"https:\/\/panoramadelsur.com.ar\/?p=13757","title":{"rendered":"LA SUBSECRETARIA DE TURISMO DIJO QUE EL PROGRAMA DE VIAJES DE EGRESADOS \u00abES UNA POL\u00cdTICA INCLUSIVA\u00bb"},"content":{"rendered":"\n<p>La subsecretaria de Turismo de la provincia de Buenos Aires, Soledad Mart\u00ednez, destac\u00f3 hoy que el programa para que los estudiantes que egresan del colegio secundario puedan tener su viajes de fin de curso gratis \u00abes una pol\u00edtica inclusiva\u00bb.<\/p>\n\n\n\n<p>En declaraciones a radio Provincia, la funcionaria se\u00f1al\u00f3 que a esa iniciativa \u00abya se sum\u00f3 el 23% del universo total de egresados\u00bb, lo que representa aproximadamente a 55.000 chicos y chicas, y a\u00f1adi\u00f3 que es algo que les resulta \u00abincre\u00edble\u00bb dado que la medida no recibi\u00f3 \u00abtanta difusi\u00f3n\u00bb.<\/p>\n\n\n\n<p>De ese modo, la subsecretaria se refiri\u00f3 al Programa Bonaerense de Turismo Estudiantil del Ministerio de Producci\u00f3n, Ciencia e Innovaci\u00f3n Tecnol\u00f3gica, a trav\u00e9s del cual el Gobierno bonaerense financiar\u00e1 los viajes de los estudiantes secundarios que actualmente cursan el \u00faltimo a\u00f1o de la secundaria en una escuela de gesti\u00f3n estatal o privada bonaerense.<\/p>\n\n\n\n<p>El Poder Ejecutivo estima que son unos 220.000 los alumnos de la provincia en condiciones de viajar con la propuesta que cubre los traslados, la hoteler\u00eda, las excursiones y la gastronom\u00eda por un monto de hasta 30.000 pesos por alumna o alumno.<\/p>\n\n\n\n<p>La medida, que se enmarca en el Programa de Reactivaci\u00f3n para el Turismo y busca, adem\u00e1s, promover destinos bonaerenses fuera de temporada.<\/p>\n\n\n\n<p>Mart\u00ednez explic\u00f3 que \u00abluego de hacer la apertura del llamado para que las agencias participen, \u00e9stas deber\u00e1n ofrecer una gama de destinos que deber\u00e1n confirmar tras la pre inscripci\u00f3n\u00bb.<\/p>\n\n\n\n<p>\u00abSon tres destinos que los alumnos podr\u00e1n seleccionar y la Provincia los asignar\u00e1 de acuerdo a la vacante. Esta es una pol\u00edtica inclusiva, porque contempla tanto a chicos de escuelas de gesti\u00f3n p\u00fablica como privada\u00bb, destac\u00f3.<\/p>\n\n\n\n<p>Indic\u00f3 que \u00ablos viajes se van a llevar a cabo entre marzo y mayo. La idea es prolongar el per\u00edodo sin interferir en la temporada de verano\u00bb.<\/p>\n\n\n\n<p>Los viajes de fin de curso comprendidos en el programa durar\u00e1n cuatro d\u00edas y tres noches, contar\u00e1n con dos excursiones diarias, tendr\u00e1n todos los gastos incluidos y ser\u00e1n a distintos destinos tur\u00edsticos de la provincia de Buenos Aires, tanto playas como sierras, lagos, lagunas o entornos rurales, lo que permitir\u00e1 promover actividades culturales y comerciales en distintos municipios.<\/p>\n\n\n\n<p>La iniciativa apunta a respaldar al sector tur\u00edstico, uno de los m\u00e1s afectados por la pandemia, mediante la ampliaci\u00f3n de la temporada, ya que los viajes se realizar\u00e1n entre marzo y mayo de 2022, es decir, durante la llamada \u00abtemporada baja\u00bb de la actividad tur\u00edstica.<\/p>\n\n\n\n<p>Luego de la preinscripci\u00f3n, y al finalizar el ciclo lectivo, cada estudiante deber\u00e1 volver a ingresar a la web para elegir la fecha y el destino bonaerense preferido entre las opciones disponibles.<\/p>\n\n\n\n<p>Se especific\u00f3 que, en funci\u00f3n de las preferencias del curso y de la disponibilidad de plazas, se les asignar\u00e1 un destino y una agencia de turismo estudiantil con la cual definir\u00e1n la fecha del viaje.<\/p>\n\n\n\n<p>El programa contempla la bonificaci\u00f3n del viaje para un padre o una madre como acompa\u00f1ante cada veinte estudiantes y la posibilidad de unificar viajes en caso de cursos peque\u00f1os.<\/p>\n","protected":false},"excerpt":{"rendered":"<p>La subsecretaria<\/p>\n","protected":false},"author":1,"featured_media":39574,"comment_status":"open","ping_status":"open","sticky":false,"template":"","format":"standard","meta":{"footnotes":""},"categories":[5],"tags":[],"class_list":["post-13757","post","type-post","status-publish","format-standard","has-post-thumbnail","hentry","category-provincia"],"_links":{"self":[{"href":"https:\/\/panoramadelsur.com.ar\/index.php?rest_route=\/wp\/v2\/posts\/13757","targetHints":{"allow":["GET"]}}],"collection":[{"href":"https:\/\/panoramadelsur.com.ar\/index.php?rest_route=\/wp\/v2\/posts"}],"about":[{"href":"https:\/\/panoramadelsur.com.ar\/index.php?rest_route=\/wp\/v2\/types\/post"}],"author":[{"embeddable":true,"href":"https:\/\/panoramadelsur.com.ar\/index.php?rest_route=\/wp\/v2\/users\/1"}],"replies":[{"embeddable":true,"href":"https:\/\/panoramadelsur.com.ar\/index.php?rest_route=%2Fwp%2Fv2%2Fcomments&post=13757"}],"version-history":[{"count":1,"href":"https:\/\/panoramadelsur.com.ar\/index.php?rest_route=\/wp\/v2\/posts\/13757\/revisions"}],"predecessor-version":[{"id":13759,"href":"https:\/\/panoramadelsur.com.ar\/index.php?rest_route=\/wp\/v2\/posts\/13757\/revisions\/13759"}],"wp:featuredmedia":[{"embeddable":true,"href":"https:\/\/panoramadelsur.com.ar\/index.php?rest_route=\/wp\/v2\/media\/39574"}],"wp:attachment":[{"href":"https:\/\/panoramadelsur.com.ar\/index.php?rest_route=%2Fwp%2Fv2%2Fmedia&parent=13757"}],"wp:term":[{"taxonomy":"category","embeddable":true,"href":"https:\/\/panoramadelsur.com.ar\/index.php?rest_route=%2Fwp%2Fv2%2Fcategories&post=13757"},{"taxonomy":"post_tag","embeddable":true,"href":"https:\/\/panoramadelsur.com.ar\/index.php?rest_route=%2Fwp%2Fv2%2Ftags&post=13757"}],"curies":[{"name":"wp","href":"https:\/\/api.w.org\/{rel}","templated":true}]}}