{"id":13768,"date":"2021-12-07T10:47:31","date_gmt":"2021-12-07T13:47:31","guid":{"rendered":"https:\/\/panoramadelsur.com.ar\/?p=13768"},"modified":"2021-12-07T10:47:33","modified_gmt":"2021-12-07T13:47:33","slug":"detienen-a-un-hombre-acusado-de-asesinar-a-un-joven-durante-una-disputa-vecinal-en-quilmes","status":"publish","type":"post","link":"https:\/\/panoramadelsur.com.ar\/?p=13768","title":{"rendered":"DETIENEN A UN HOMBRE ACUSADO DE ASESINAR A UN JOVEN DURANTE UNA DISPUTA VECINAL EN QUILMES"},"content":{"rendered":"\n<p>Un hombre de 31 a\u00f1os fue detenido en las \u00faltimas horas acusado de asesinar a balazos a un joven de 17 a\u00f1os durante una disputa vecinal en la localidad bonaerense de Quilmes, informaron fuentes policiales.<\/p>\n\n\n\n<p>La detenci\u00f3n fue concretada por efectivos de la comisar\u00eda 5ta. de dicha jurisdicci\u00f3n cuando procedieron a realizar un allanamiento en una vivienda ubicada en calle 809, en el cruce las calles 883 y 884 de la mencionada localidad.<\/p>\n","protected":false},"excerpt":{"rendered":"<p>Un hombre<\/p>\n","protected":false},"author":1,"featured_media":39574,"comment_status":"open","ping_status":"open","sticky":false,"template":"","format":"standard","meta":{"footnotes":""},"categories":[2],"tags":[],"class_list":["post-13768","post","type-post","status-publish","format-standard","has-post-thumbnail","hentry","category-quilmes"],"_links":{"self":[{"href":"https:\/\/panoramadelsur.com.ar\/index.php?rest_route=\/wp\/v2\/posts\/13768","targetHints":{"allow":["GET"]}}],"collection":[{"href":"https:\/\/panoramadelsur.com.ar\/index.php?rest_route=\/wp\/v2\/posts"}],"about":[{"href":"https:\/\/panoramadelsur.com.ar\/index.php?rest_route=\/wp\/v2\/types\/post"}],"author":[{"embeddable":true,"href":"https:\/\/panoramadelsur.com.ar\/index.php?rest_route=\/wp\/v2\/users\/1"}],"replies":[{"embeddable":true,"href":"https:\/\/panoramadelsur.com.ar\/index.php?rest_route=%2Fwp%2Fv2%2Fcomments&post=13768"}],"version-history":[{"count":1,"href":"https:\/\/panoramadelsur.com.ar\/index.php?rest_route=\/wp\/v2\/posts\/13768\/revisions"}],"predecessor-version":[{"id":13770,"href":"https:\/\/panoramadelsur.com.ar\/index.php?rest_route=\/wp\/v2\/posts\/13768\/revisions\/13770"}],"wp:featuredmedia":[{"embeddable":true,"href":"https:\/\/panoramadelsur.com.ar\/index.php?rest_route=\/wp\/v2\/media\/39574"}],"wp:attachment":[{"href":"https:\/\/panoramadelsur.com.ar\/index.php?rest_route=%2Fwp%2Fv2%2Fmedia&parent=13768"}],"wp:term":[{"taxonomy":"category","embeddable":true,"href":"https:\/\/panoramadelsur.com.ar\/index.php?rest_route=%2Fwp%2Fv2%2Fcategories&post=13768"},{"taxonomy":"post_tag","embeddable":true,"href":"https:\/\/panoramadelsur.com.ar\/index.php?rest_route=%2Fwp%2Fv2%2Ftags&post=13768"}],"curies":[{"name":"wp","href":"https:\/\/api.w.org\/{rel}","templated":true}]}}