{"id":13835,"date":"2021-12-08T01:06:00","date_gmt":"2021-12-08T04:06:00","guid":{"rendered":"https:\/\/panoramadelsur.com.ar\/?p=13835"},"modified":"2021-12-07T22:01:13","modified_gmt":"2021-12-08T01:01:13","slug":"capacitan-a-equipos-de-salud-en-el-uso-del-cannabis-con-fines-terapeuticos","status":"publish","type":"post","link":"https:\/\/panoramadelsur.com.ar\/?p=13835","title":{"rendered":"CAPACITAN A EQUIPOS DE SALUD EN EL USO DEL CANNABIS CON FINES TERAP\u00c9UTICOS"},"content":{"rendered":"\n<p>Casi mil integrantes de los equipos de salud del sistema p\u00fablico bonaerense recibieron informaci\u00f3n sobre el cannabis y su aplicaci\u00f3n con fines terap\u00e9uticos, inform\u00f3 el Ministerio de Salud bonaerense.<\/p>\n\n\n\n<p>Se trata del primer curso virtual sobre el uso del cannabis con fines terap\u00e9uticos en el campo de la salud p\u00fablica que dict\u00f3 el Ministerio de Salud provincial, con el objetivo de brindar herramientas de formaci\u00f3n y generar espacios de sensibilizaci\u00f3n sobre la tem\u00e1tica, el cual estuvo destinado a los equipos sanitarios del sistema p\u00fablico.<\/p>\n\n\n\n<p>\u00abLos equipos de salud reciben consultas para atender y acompa\u00f1ar a quienes necesiten tratamiento vinculado al cannabis terap\u00e9utico. Por eso, acercamos informaci\u00f3n de referentes del campo profesional, cient\u00edfico y comunitario que permita generar estrategias de atenci\u00f3n y acompa\u00f1amiento a usuarios\/as, acordes a las distintas realidades territoriales\u00bb, precis\u00f3 la coordinadora del curso, Constanza Canali.<\/p>\n\n\n\n<p>La apertura del curso estuvo encabezada por la subsecretaria de Gesti\u00f3n de la Informaci\u00f3n, Educaci\u00f3n Permanente y Fiscalizaci\u00f3n, Leticia Ceriani, y de la directora provincial de Equidad de G\u00e9nero en Salud, Sabrina Bala\u00f1a.<\/p>\n\n\n\n<p>La capacitaci\u00f3n se desarroll\u00f3 de manera virtual durante cinco encuentros que se realizaron a trav\u00e9s de la plataforma de la Escuela de Gobierno en Salud \u00abFloreal Ferrara\u00bb.<\/p>\n\n\n\n<p>En el primer encuentro se abord\u00f3 el marco jur\u00eddico y regulatorio, a cargo de la integrante de la Asociaci\u00f3n Civil Cecca, Mar\u00eda Victoria Paunero y del director provincial de Registro y Fiscalizaci\u00f3n Sanitaria, Roberto Amette. En el segundo encuentro se brind\u00f3 informaci\u00f3n sobre la modalidad de funcionamiento del Registro del Programa de Cannabis, contando con la participaci\u00f3n de la licenciada Alexia Rabow.<\/p>\n\n\n\n<p>En tanto, durante la actividad sobre el sistema endocannabinoide y el uso del cannabis con fines terap\u00e9uticos disertaron el investigador del Conicet, Dario Andrinolo, y el coordinador del Programa de Cannabis Medicinal de la cartera sanitaria nacional, Marcelo Morante.<\/p>\n\n\n\n<p>Por \u00faltimo, se presentaron experiencias de atenci\u00f3n y acompa\u00f1amiento comunitario en el campo de la salud donde expusieron referentes de la Organizaci\u00f3n Mam\u00e1 Cultiva Argentina y de la Asociaci\u00f3n Civil Aupac; los equipos interdisciplinarios de Cuidados Paliativos del hospital \u00abRodolfo Rossi\u00bb de La Plata y de la UPA 6 de Los Hornos; e integrantes del Programa de Abordaje Integral de abordajes de Cannabis Medicinal del hospital rural Ram\u00f3n Carrillo de San Vicente.<\/p>\n","protected":false},"excerpt":{"rendered":"<p>Casi mil<\/p>\n","protected":false},"author":1,"featured_media":39574,"comment_status":"open","ping_status":"open","sticky":false,"template":"","format":"standard","meta":{"footnotes":""},"categories":[5],"tags":[],"class_list":["post-13835","post","type-post","status-publish","format-standard","has-post-thumbnail","hentry","category-provincia"],"_links":{"self":[{"href":"https:\/\/panoramadelsur.com.ar\/index.php?rest_route=\/wp\/v2\/posts\/13835","targetHints":{"allow":["GET"]}}],"collection":[{"href":"https:\/\/panoramadelsur.com.ar\/index.php?rest_route=\/wp\/v2\/posts"}],"about":[{"href":"https:\/\/panoramadelsur.com.ar\/index.php?rest_route=\/wp\/v2\/types\/post"}],"author":[{"embeddable":true,"href":"https:\/\/panoramadelsur.com.ar\/index.php?rest_route=\/wp\/v2\/users\/1"}],"replies":[{"embeddable":true,"href":"https:\/\/panoramadelsur.com.ar\/index.php?rest_route=%2Fwp%2Fv2%2Fcomments&post=13835"}],"version-history":[{"count":1,"href":"https:\/\/panoramadelsur.com.ar\/index.php?rest_route=\/wp\/v2\/posts\/13835\/revisions"}],"predecessor-version":[{"id":13837,"href":"https:\/\/panoramadelsur.com.ar\/index.php?rest_route=\/wp\/v2\/posts\/13835\/revisions\/13837"}],"wp:featuredmedia":[{"embeddable":true,"href":"https:\/\/panoramadelsur.com.ar\/index.php?rest_route=\/wp\/v2\/media\/39574"}],"wp:attachment":[{"href":"https:\/\/panoramadelsur.com.ar\/index.php?rest_route=%2Fwp%2Fv2%2Fmedia&parent=13835"}],"wp:term":[{"taxonomy":"category","embeddable":true,"href":"https:\/\/panoramadelsur.com.ar\/index.php?rest_route=%2Fwp%2Fv2%2Fcategories&post=13835"},{"taxonomy":"post_tag","embeddable":true,"href":"https:\/\/panoramadelsur.com.ar\/index.php?rest_route=%2Fwp%2Fv2%2Ftags&post=13835"}],"curies":[{"name":"wp","href":"https:\/\/api.w.org\/{rel}","templated":true}]}}