{"id":13884,"date":"2021-12-09T11:04:39","date_gmt":"2021-12-09T14:04:39","guid":{"rendered":"http:\/\/panoramadelsur.com.ar\/?p=13884"},"modified":"2021-12-09T11:04:40","modified_gmt":"2021-12-09T14:04:40","slug":"brasil-reabre-fronteras-para-los-argentinos-a-partir-del-sabado-anuncia-scioli","status":"publish","type":"post","link":"https:\/\/panoramadelsur.com.ar\/?p=13884","title":{"rendered":"BRASIL REABRE FRONTERAS PARA LOS ARGENTINOS A PARTIR DEL S\u00c1BADO, ANUNCIA SCIOLI"},"content":{"rendered":"\n<p>Brasil reabrir\u00e1 las fronteras terrestres con la Argentina y otros pa\u00edses a partir de este s\u00e1bado, pero para ingresar al pa\u00eds se deber\u00e1 presentar certificado de vacunaci\u00f3n con dos dosis o un examen PCR negativo de coronavirus, anunci\u00f3 hoy el embajador argentino en Brasilia, Daniel Scioli.<\/p>\n\n\n\n<p>\u00abBuenas noticias! Tal como lo hab\u00eda anticipado, vuelven a abrir las fronteras terrestres para que argentinos y argentinas puedan ingresar a Brasil\u00bb, public\u00f3 Scioli esta ma\u00f1ana en su cuenta de Twitter.<\/p>\n\n\n\n<p>El embajador record\u00f3 que \u00abpara el ingreso a\u00e9reo, la vacunaci\u00f3n s\u00f3lo es requerida para exceptuarse de la cuarentena. Para el ingreso terrestre, la vacunaci\u00f3n es siempre exigida. Se except\u00faa a residentes de ciudades gemelas o se requiere permiso especial. El test puede ser Ant\u00edgenos o PCR\u00bb.<\/p>\n\n\n\n<p>Asimismo, precis\u00f3 que el ingreso est\u00e1 permitido desde el s\u00e1bado 11 de diciembre.<\/p>\n\n\n\n<p>La resoluci\u00f3n del Gobierno brasile\u00f1o, publicada en el Diario Oficial de la Uni\u00f3n, involucra tambi\u00e9n a una cuarentena de cinco d\u00edas a quienes lleguen al pa\u00eds por cualquier medio sin comprobante de vacunaci\u00f3n.<\/p>\n\n\n\n<p>La nueva resoluci\u00f3n del Ejecutivo deja sin efecto una anterior que apenas permit\u00eda el tr\u00e1nsito terrestre por la frontera paraguaya para poder ingresar a Brasil.<\/p>\n\n\n\n<p>Podr\u00e1n ingresar por v\u00eda terrestre sin comprobante de vacunaci\u00f3n los que deban dirigirse a un aeropuerto o tengan autorizaci\u00f3n especial y quienes ingresen desde la frontera con Paraguay, seg\u00fan la resoluci\u00f3n.<\/p>\n\n\n\n<p>Est\u00e1n exceptuados de comprobaci\u00f3n de PCR o certificado de vacunaci\u00f3n los residentes en las llamadas ciudades gemelas de frontera.<\/p>\n","protected":false},"excerpt":{"rendered":"<p>Brasil reabrir\u00e1<\/p>\n","protected":false},"author":1,"featured_media":39574,"comment_status":"open","ping_status":"open","sticky":false,"template":"","format":"standard","meta":{"footnotes":""},"categories":[4],"tags":[],"class_list":["post-13884","post","type-post","status-publish","format-standard","has-post-thumbnail","hentry","category-nacionales"],"_links":{"self":[{"href":"https:\/\/panoramadelsur.com.ar\/index.php?rest_route=\/wp\/v2\/posts\/13884","targetHints":{"allow":["GET"]}}],"collection":[{"href":"https:\/\/panoramadelsur.com.ar\/index.php?rest_route=\/wp\/v2\/posts"}],"about":[{"href":"https:\/\/panoramadelsur.com.ar\/index.php?rest_route=\/wp\/v2\/types\/post"}],"author":[{"embeddable":true,"href":"https:\/\/panoramadelsur.com.ar\/index.php?rest_route=\/wp\/v2\/users\/1"}],"replies":[{"embeddable":true,"href":"https:\/\/panoramadelsur.com.ar\/index.php?rest_route=%2Fwp%2Fv2%2Fcomments&post=13884"}],"version-history":[{"count":1,"href":"https:\/\/panoramadelsur.com.ar\/index.php?rest_route=\/wp\/v2\/posts\/13884\/revisions"}],"predecessor-version":[{"id":13886,"href":"https:\/\/panoramadelsur.com.ar\/index.php?rest_route=\/wp\/v2\/posts\/13884\/revisions\/13886"}],"wp:featuredmedia":[{"embeddable":true,"href":"https:\/\/panoramadelsur.com.ar\/index.php?rest_route=\/wp\/v2\/media\/39574"}],"wp:attachment":[{"href":"https:\/\/panoramadelsur.com.ar\/index.php?rest_route=%2Fwp%2Fv2%2Fmedia&parent=13884"}],"wp:term":[{"taxonomy":"category","embeddable":true,"href":"https:\/\/panoramadelsur.com.ar\/index.php?rest_route=%2Fwp%2Fv2%2Fcategories&post=13884"},{"taxonomy":"post_tag","embeddable":true,"href":"https:\/\/panoramadelsur.com.ar\/index.php?rest_route=%2Fwp%2Fv2%2Ftags&post=13884"}],"curies":[{"name":"wp","href":"https:\/\/api.w.org\/{rel}","templated":true}]}}