{"id":13906,"date":"2021-12-10T01:02:56","date_gmt":"2021-12-10T04:02:56","guid":{"rendered":"http:\/\/panoramadelsur.com.ar\/?p=13906"},"modified":"2021-12-10T14:19:49","modified_gmt":"2021-12-10T17:19:49","slug":"kicillof-la-lucha-por-los-derechos-humanos-debe-guiar-todas-las-politicas-del-estado","status":"publish","type":"post","link":"https:\/\/panoramadelsur.com.ar\/?p=13906","title":{"rendered":"KICILLOF: \u00abLA LUCHA POR LOS DERECHOS HUMANOS DEBE GUIAR TODAS LAS POL\u00cdTICAS DEL ESTADO\u00bb"},"content":{"rendered":"\n<p>El gobernador bonaerense, Axel Kicillof, afirm\u00f3 hoy que \u00abla lucha por los derechos humanos no es s\u00f3lo memoria, verdad y justicia sino una llama que debe guiar todas las pol\u00edticas del Estado\u00bb, al encabezar en La Plata el acto por el D\u00eda de la Democracia y los Derechos Humanos.<\/p>\n\n\n\n<p>\u00abLa lucha por los derechos humanos no es s\u00f3lo mirar al pasado, sino revivirlos, actualizarlos y ponerlos en perspectiva de futuro\u00bb, resalt\u00f3 el Gobernador durante un acto que se desarroll\u00f3 en el Sal\u00f3n Dorado de la Casa de Gobierno, en La Plata.<\/p>\n\n\n\n<p>Acompa\u00f1aron a Kicillof el ministro de Justicia, Julio Alak; el subsecretario de Derechos Humanos, Mat\u00edas Facundo Moreno; la presidenta de Abuelas de Plaza de Mayo, Estela Barnes de Carlotto y la Madre de Plaza de Mayo Herenia S\u00e1nchez Viamonte.<\/p>\n\n\n\n<p>En el acto se entregaron las distinciones \u00abAdelina Dematti de Alaye\u00bb a Elsa Pav\u00f3n (cofundadora de Abuelas), a Rosa Bru (la madre del estudiante de periodismo desaparecido), a Pablo Llonto (periodista y abogado); y a los familiares de Eduardo Alberto Hidalgo y Juan Escatolini, ambos referentes en derechos humanos ya fallecidos.<\/p>\n\n\n\n<p>En su discurso, Kicillof analiz\u00f3 que \u00ablo importante es que las pol\u00edticas en materia de derechos humanos tengan llegada territorial\u00bb, expuso que con el objetivo de \u00abavanzar y transformar lo fundamental es la militancia\u00bb y subray\u00f3 que \u00absi algo nos reafirm\u00f3 el camino la pandemia es la bandera de que la patria es el otro\u00bb.<\/p>\n\n\n\n<p>Luego, el ministro de Justicia y Derechos Humanos, Julio Alak, pidi\u00f3 recordar \u00abque entre 2015 y 2019 revivieron ideas del monstruo de la dictadura porque hubo una pol\u00edtica negacionista en la que se pretendi\u00f3 reinstalar la teor\u00eda de los dos demonios\u00bb.<\/p>\n\n\n\n<p>En tanto, rememor\u00f3 que el Secretario de Derechos Humanos de Mauricio Macri, Claudio Avruj, \u00abse mostr\u00f3 a favor de otorgar domiciliaria a los condenados por delitos de lesa humanidad\u00bb, agreg\u00f3 que \u00abno ten\u00edan tiempo de recibir a Estela (Barnes de Carlotto) y cuestionaron a Hebe (de Bonafini) y cuestionaban el n\u00famero de 30 mil desaparecidos\u00bb.<\/p>\n\n\n\n<p>\u00abHablaban de &#8216;guerra sucia&#8217;, paralizaron las querellas en juicios de lesa humanidad y Macri habl\u00f3 del &#8216;curro&#8217; de los derechos humanos y dijo que los genocidas condenados eran presos pol\u00edticos\u00bb, indic\u00f3 Alak.<\/p>\n\n\n\n<p>A\u00f1adi\u00f3 que JxC no s\u00f3lo desfinanci\u00f3 programas destinados a la reparaci\u00f3n y la memoria, sino que \u00abfoment\u00f3 el odio contra las Abuelas y las Madres de Plaza de Mayo\u00bb y \u00abneg\u00f3 asesinatos, torturas, desapariciones y robos de beb\u00e9s\u00bb.<\/p>\n\n\n\n<p>\u00abCambiemos, en 4 a\u00f1os, no dio mensajes por el D\u00eda de la Memoria. Por eso decimos: el silencio no es neutral, ni inocente. Negar la historia es abrir la puerta al horror. El negacionismo atenta conta las v\u00edctimas, contra la memoria, la verdad y la justicia\u00bb, cerr\u00f3.<\/p>\n\n\n\n<p>Posteriormente, el Subsecretario de Derechos Humanos, Mat\u00edas Moreno, celebr\u00f3 que hoy se cumplan \u00ab38 a\u00f1os de un proceso democr\u00e1tico ininterrumpido\u00bb y remarc\u00f3 que la lucha de las Madres y Abuelas \u00abnos hace mejores ciudadanos y es motivo de orgullo\u00bb.<\/p>\n\n\n\n<p>\u00abLa dictadura sent\u00f3 las bases de un modelo econ\u00f3mico neoliberal y un modelo pol\u00edtico y social conservador. Ese 24 de marzo de 1976 gener\u00f3 compa\u00f1eros desparecidos, gener\u00f3 la transferencia de recursos m\u00e1s grandes de la historia y gener\u00f3 el proceso de represi\u00f3n m\u00e1s grande de la historia\u00bb, asever\u00f3 pero puso de relieve que \u00abtambi\u00e9n gener\u00f3 un proceso de organizaci\u00f3n y lucha\u00bb.<\/p>\n\n\n\n<p>En ese marco, manifest\u00f3 que el gobierno tiene \u00abmuy en claro\u00bb qu\u00e9 funci\u00f3n vino a cumplir, por lo que \u00abno s\u00f3lo somos el gobierno de los derechos humanos en t\u00e9rminos discursivos, sino por lo que hacemos\u00bb.<\/p>\n\n\n\n<p>As\u00ed, cont\u00f3 que en estos dos a\u00f1os, el Estado provincial se present\u00f3 como querellantes en 90 causas de delitos de lesa humanidad, cre\u00f3 una Direcci\u00f3n de Sitios de Memoria y anunci\u00f3 el llamado a licitaci\u00f3n para la realizaci\u00f3n de un espacio de memoria en La Cacha, el centro clandestino de detenci\u00f3n utilizado por la \u00faltima dictadura c\u00edvico-militar, que funcion\u00f3, en La Plata.<\/p>\n\n\n\n<p>\u00abSeguiremos creando espacios de memoria, instalaremos se\u00f1al\u00e9tica en rutas indicando espacios de memoria y vamos a disponer un 0800 para denunciar violaciones de derechos las 24 horas\u00bb, anticip\u00f3.<\/p>\n\n\n\n<p>Luego subray\u00f3 que se crear\u00e1 un Consejo Asesor contra la Violencia Institucional conformado por familiares, \u00abpara priorizar la organizaci\u00f3n y representaci\u00f3n institucional\u00bb ante esos hechos.<\/p>\n\n\n\n<p>A su turno, Carlotto expres\u00f3: \u00abEstamos de pie y tenemos \u00e1nimo. Estamos celebrando un momento excepcional porque tenemos la libertad de abrazarnos y tenemos una juventud activa que se mueve y que abraza\u00bb, continu\u00f3 Estela y pidi\u00f3 a las nuevas generaciones que \u00abayuden, de la mejor manera posible, a aquellos que est\u00e1n confundidos para que est\u00e9n del lado de la verdad\u00bb.<a href=\"javascript:void(0)\"><\/a><\/p>\n","protected":false},"excerpt":{"rendered":"<p>El gobernador<\/p>\n","protected":false},"author":1,"featured_media":39574,"comment_status":"open","ping_status":"open","sticky":false,"template":"","format":"standard","meta":{"footnotes":""},"categories":[10,5],"tags":[],"class_list":["post-13906","post","type-post","status-publish","format-standard","has-post-thumbnail","hentry","category-mas-noticias","category-provincia"],"_links":{"self":[{"href":"https:\/\/panoramadelsur.com.ar\/index.php?rest_route=\/wp\/v2\/posts\/13906","targetHints":{"allow":["GET"]}}],"collection":[{"href":"https:\/\/panoramadelsur.com.ar\/index.php?rest_route=\/wp\/v2\/posts"}],"about":[{"href":"https:\/\/panoramadelsur.com.ar\/index.php?rest_route=\/wp\/v2\/types\/post"}],"author":[{"embeddable":true,"href":"https:\/\/panoramadelsur.com.ar\/index.php?rest_route=\/wp\/v2\/users\/1"}],"replies":[{"embeddable":true,"href":"https:\/\/panoramadelsur.com.ar\/index.php?rest_route=%2Fwp%2Fv2%2Fcomments&post=13906"}],"version-history":[{"count":1,"href":"https:\/\/panoramadelsur.com.ar\/index.php?rest_route=\/wp\/v2\/posts\/13906\/revisions"}],"predecessor-version":[{"id":13907,"href":"https:\/\/panoramadelsur.com.ar\/index.php?rest_route=\/wp\/v2\/posts\/13906\/revisions\/13907"}],"wp:featuredmedia":[{"embeddable":true,"href":"https:\/\/panoramadelsur.com.ar\/index.php?rest_route=\/wp\/v2\/media\/39574"}],"wp:attachment":[{"href":"https:\/\/panoramadelsur.com.ar\/index.php?rest_route=%2Fwp%2Fv2%2Fmedia&parent=13906"}],"wp:term":[{"taxonomy":"category","embeddable":true,"href":"https:\/\/panoramadelsur.com.ar\/index.php?rest_route=%2Fwp%2Fv2%2Fcategories&post=13906"},{"taxonomy":"post_tag","embeddable":true,"href":"https:\/\/panoramadelsur.com.ar\/index.php?rest_route=%2Fwp%2Fv2%2Ftags&post=13906"}],"curies":[{"name":"wp","href":"https:\/\/api.w.org\/{rel}","templated":true}]}}