{"id":15049,"date":"2022-01-06T09:54:11","date_gmt":"2022-01-06T12:54:11","guid":{"rendered":"https:\/\/panoramadelsur.com.ar\/?p=15049"},"modified":"2022-01-06T09:54:12","modified_gmt":"2022-01-06T12:54:12","slug":"reconocieron-a-trabajadores-del-evita-pueblo-que-cumplieron-25-anos-de-servicio","status":"publish","type":"post","link":"https:\/\/panoramadelsur.com.ar\/?p=15049","title":{"rendered":"RECONOCIERON A TRABAJADORES DEL EVITA PUEBLO QUE CUMPLIERON 25 A\u00d1OS DE SERVICIO"},"content":{"rendered":"\n<p class=\"wp-block-paragraph\"><strong>En un emotivo acto realizado en el auditorio del Hospital Evita Pueblo de Berazategui, el intendente municipal, Juan Jos\u00e9 Mussi; junto al director ejecutivo del establecimiento sanitario, Dr. Juan Marini, y otras autoridades entregaron reconocimientos a 26 agentes -entre personal m\u00e9dico, de enfermer\u00eda, administrativo y t\u00e9cnico- que cumplieron 25 a\u00f1os de servicio.<\/strong><\/p>\n\n\n\n<p class=\"wp-block-paragraph\">Asistieron a la ceremonia junto al Intendente, la secretaria de Desarrollo Social y Comunitario, Mar\u00eda Laura Lacava; y la titular de la Agencia de Tierras y H\u00e1bitat municipal, Luc\u00eda Vega.<\/p>\n\n\n\n<p class=\"wp-block-paragraph\">Durante su visita, Mussi asegur\u00f3: \u201cLas personas son las que hacen a los hospitales as\u00ed que gracias a ustedes el Evita Pueblo es un privilegio. Los trabajadores son lo m\u00e1s importante\u201d, y agreg\u00f3: \u201cQuiero agradecerles el comportamiento que tienen a lo largo de la pandemia. Se merecen el mejor de los aplausos\u201d.<\/p>\n\n\n\n<p class=\"wp-block-paragraph\">De la misma manera, Juan Marini subray\u00f3: \u201cMuchos de los trabajadores homenajeados tuvieron su primer trabajo ac\u00e1, hicieron su residencia y una vez finalizada siguieron formando parte del Evita. Por eso es un acto muy familiar, porque es gente que hizo su vida en este lugar\u201d.<\/p>\n\n\n\n<p class=\"wp-block-paragraph\">En tanto, una de las profesionales reconocidas, la nutricionista Karina Acevedo, expres\u00f3: \u201cEl Hospital es una parte de nosotros as\u00ed que esto es un mimo. Estamos muy agradecidos por c\u00f3mo nos reconocen\u201d.<\/p>\n","protected":false},"excerpt":{"rendered":"<p>En un<\/p>\n","protected":false},"author":1,"featured_media":39574,"comment_status":"open","ping_status":"open","sticky":false,"template":"","format":"standard","meta":{"footnotes":""},"categories":[3],"tags":[],"class_list":["post-15049","post","type-post","status-publish","format-standard","has-post-thumbnail","hentry","category-regionales"],"_links":{"self":[{"href":"https:\/\/panoramadelsur.com.ar\/index.php?rest_route=\/wp\/v2\/posts\/15049","targetHints":{"allow":["GET"]}}],"collection":[{"href":"https:\/\/panoramadelsur.com.ar\/index.php?rest_route=\/wp\/v2\/posts"}],"about":[{"href":"https:\/\/panoramadelsur.com.ar\/index.php?rest_route=\/wp\/v2\/types\/post"}],"author":[{"embeddable":true,"href":"https:\/\/panoramadelsur.com.ar\/index.php?rest_route=\/wp\/v2\/users\/1"}],"replies":[{"embeddable":true,"href":"https:\/\/panoramadelsur.com.ar\/index.php?rest_route=%2Fwp%2Fv2%2Fcomments&post=15049"}],"version-history":[{"count":1,"href":"https:\/\/panoramadelsur.com.ar\/index.php?rest_route=\/wp\/v2\/posts\/15049\/revisions"}],"predecessor-version":[{"id":15051,"href":"https:\/\/panoramadelsur.com.ar\/index.php?rest_route=\/wp\/v2\/posts\/15049\/revisions\/15051"}],"wp:featuredmedia":[{"embeddable":true,"href":"https:\/\/panoramadelsur.com.ar\/index.php?rest_route=\/wp\/v2\/media\/39574"}],"wp:attachment":[{"href":"https:\/\/panoramadelsur.com.ar\/index.php?rest_route=%2Fwp%2Fv2%2Fmedia&parent=15049"}],"wp:term":[{"taxonomy":"category","embeddable":true,"href":"https:\/\/panoramadelsur.com.ar\/index.php?rest_route=%2Fwp%2Fv2%2Fcategories&post=15049"},{"taxonomy":"post_tag","embeddable":true,"href":"https:\/\/panoramadelsur.com.ar\/index.php?rest_route=%2Fwp%2Fv2%2Ftags&post=15049"}],"curies":[{"name":"wp","href":"https:\/\/api.w.org\/{rel}","templated":true}]}}