{"id":15227,"date":"2022-01-11T01:04:00","date_gmt":"2022-01-11T04:04:00","guid":{"rendered":"https:\/\/panoramadelsur.com.ar\/?p=15227"},"modified":"2022-01-10T12:12:03","modified_gmt":"2022-01-10T15:12:03","slug":"la-afip-habilito-la-recategorizacion-del-monotributo","status":"publish","type":"post","link":"https:\/\/panoramadelsur.com.ar\/?p=15227","title":{"rendered":"LA AFIP HABILIT\u00d3 LA RECATEGORIZACI\u00d3N DEL MONOTRIBUTO"},"content":{"rendered":"\n<p class=\"wp-block-paragraph\">Los monotributistas podr\u00e1n hasta el 20 de enero realizar la recategorizaci\u00f3n a trav\u00e9s del sitio web de la Administraci\u00f3n Federal de Ingresos P\u00fablicos (AFIP).<\/p>\n\n\n\n<p class=\"wp-block-paragraph\">De esta manera, los monotributistas deben controlar los ingresos brutos de los \u00faltimos 12 meses para cotejarlos con los nuevos valores de las categor\u00edas.<\/p>\n\n\n\n<p class=\"wp-block-paragraph\">El importe correspondiente a la nueva categor\u00eda se abonar\u00e1 en febrero.<\/p>\n\n\n\n<p class=\"wp-block-paragraph\">Asimismo, en caso de mantener la misma categor\u00eda no es necesario realizar ning\u00fan tr\u00e1mite.<\/p>\n\n\n\n<p class=\"wp-block-paragraph\">Para comenzar, se debe ingresar con CUIT y clave fiscal en monotributo.afip.gob.ar para luego revisar los datos de la categor\u00eda y la tabla de escalas vigente, adem\u00e1s de completar el monto de facturaci\u00f3n y la informaci\u00f3n del lugar, y finalmente confirmar la categor\u00eda.<\/p>\n\n\n\n<p class=\"wp-block-paragraph\">La AFIP public\u00f3 en su canal de Youtube un video explicativo para los monotributistas que necesiten realizar la recategorizaci\u00f3n.<a href=\"javascript:void(0)\"><\/a><\/p>\n","protected":false},"excerpt":{"rendered":"<p>Los monotributistas<\/p>\n","protected":false},"author":1,"featured_media":39574,"comment_status":"open","ping_status":"open","sticky":false,"template":"","format":"standard","meta":{"footnotes":""},"categories":[4,8],"tags":[],"class_list":["post-15227","post","type-post","status-publish","format-standard","has-post-thumbnail","hentry","category-nacionales","category-para-agendar"],"_links":{"self":[{"href":"https:\/\/panoramadelsur.com.ar\/index.php?rest_route=\/wp\/v2\/posts\/15227","targetHints":{"allow":["GET"]}}],"collection":[{"href":"https:\/\/panoramadelsur.com.ar\/index.php?rest_route=\/wp\/v2\/posts"}],"about":[{"href":"https:\/\/panoramadelsur.com.ar\/index.php?rest_route=\/wp\/v2\/types\/post"}],"author":[{"embeddable":true,"href":"https:\/\/panoramadelsur.com.ar\/index.php?rest_route=\/wp\/v2\/users\/1"}],"replies":[{"embeddable":true,"href":"https:\/\/panoramadelsur.com.ar\/index.php?rest_route=%2Fwp%2Fv2%2Fcomments&post=15227"}],"version-history":[{"count":1,"href":"https:\/\/panoramadelsur.com.ar\/index.php?rest_route=\/wp\/v2\/posts\/15227\/revisions"}],"predecessor-version":[{"id":15229,"href":"https:\/\/panoramadelsur.com.ar\/index.php?rest_route=\/wp\/v2\/posts\/15227\/revisions\/15229"}],"wp:featuredmedia":[{"embeddable":true,"href":"https:\/\/panoramadelsur.com.ar\/index.php?rest_route=\/wp\/v2\/media\/39574"}],"wp:attachment":[{"href":"https:\/\/panoramadelsur.com.ar\/index.php?rest_route=%2Fwp%2Fv2%2Fmedia&parent=15227"}],"wp:term":[{"taxonomy":"category","embeddable":true,"href":"https:\/\/panoramadelsur.com.ar\/index.php?rest_route=%2Fwp%2Fv2%2Fcategories&post=15227"},{"taxonomy":"post_tag","embeddable":true,"href":"https:\/\/panoramadelsur.com.ar\/index.php?rest_route=%2Fwp%2Fv2%2Ftags&post=15227"}],"curies":[{"name":"wp","href":"https:\/\/api.w.org\/{rel}","templated":true}]}}