{"id":1525,"date":"2021-03-11T07:30:12","date_gmt":"2021-03-11T07:30:12","guid":{"rendered":"http:\/\/panoramadelsur.com.ar\/?p=1525"},"modified":"2021-03-11T07:30:14","modified_gmt":"2021-03-11T07:30:14","slug":"vuelven-los-puntos-culturales-y-los-talleres-en-el-cine-teatro-municipal-wilde","status":"publish","type":"post","link":"https:\/\/panoramadelsur.com.ar\/?p=1525","title":{"rendered":"Vuelven los Puntos Culturales y los talleres en el cine teatro municipal Wilde"},"content":{"rendered":"\n<p class=\"wp-block-paragraph\">Ser\u00e1 a partir del 15 de marzo, con protocolos. La inscripci\u00f3n se realiza llamando a los tel\u00e9fonos que aparecen en la publicaci\u00f3n.<\/p>\n\n\n\n<p class=\"wp-block-paragraph\">La Municipalidad de Avellaneda anuncia que desde el lunes 15 de marzo vuelven los Puntos Culturales y el dictado de talleres en el cine teatro Wilde.<br>&nbsp;<br>Los Puntos culturales cuentan con 15 sedes distribuidas en distintos barrios para que lxs vecinxs puedan aprovechar la amplia oferta de talleres gratuitos, como cer\u00e1mica, instrumentos musicales, artes pl\u00e1sticas, fotograf\u00eda, tango, &nbsp;folklore, &nbsp;zumba, cester\u00eda, teatro, huerta, tatuaje, ajedrez, electricidad, peluquer\u00eda, inform\u00e1tica, yoga, y mantenimiento de edificios, entre otros.<\/p>\n\n\n\n<p class=\"wp-block-paragraph\">Para registrarse hay que comunicarse al contacto que figura en la sede elegida. Por consultas o m\u00e1s informaci\u00f3n pueden escribir a&nbsp;puntoculturalmda@gmail.com&nbsp;o por tel\u00e9fono al 4201-6193, de lunes a viernes de 10 a 18.<\/p>\n\n\n\n<p class=\"wp-block-paragraph\">A esta propuesta se suman los talleres que se brindan en el cine teatro Wilde. All\u00ed podr\u00e1n elegir, sin costo, entre: acrotela, iniciaci\u00f3n a la danza, dibujo, t\u00edteres, cocina infantil, salsa y bachata, italiano, maquillaje art\u00edstico, cosplay, lutheria con materiales reciclados, canto, dise\u00f1o de indumentaria, molderia tango y mucho m\u00e1s.<\/p>\n\n\n\n<p class=\"wp-block-paragraph\">La inscripci\u00f3n es telef\u00f3nica al 4217-4221, de lunes a viernes de 10 a 18.<\/p>\n\n\n\n<p class=\"wp-block-paragraph\">Con la implementaci\u00f3n de protocolos sanitarios, volvemos a nuestras sedes con una presencialidad cuidada. Seguimos trabajando para que todos y todas tengan acceso a la cultura.<\/p>\n","protected":false},"excerpt":{"rendered":"<p>Ser\u00e1 a<\/p>\n","protected":false},"author":1,"featured_media":39574,"comment_status":"open","ping_status":"open","sticky":false,"template":"","format":"standard","meta":{"footnotes":""},"categories":[11],"tags":[],"class_list":["post-1525","post","type-post","status-publish","format-standard","has-post-thumbnail","hentry","category-cultura"],"_links":{"self":[{"href":"https:\/\/panoramadelsur.com.ar\/index.php?rest_route=\/wp\/v2\/posts\/1525","targetHints":{"allow":["GET"]}}],"collection":[{"href":"https:\/\/panoramadelsur.com.ar\/index.php?rest_route=\/wp\/v2\/posts"}],"about":[{"href":"https:\/\/panoramadelsur.com.ar\/index.php?rest_route=\/wp\/v2\/types\/post"}],"author":[{"embeddable":true,"href":"https:\/\/panoramadelsur.com.ar\/index.php?rest_route=\/wp\/v2\/users\/1"}],"replies":[{"embeddable":true,"href":"https:\/\/panoramadelsur.com.ar\/index.php?rest_route=%2Fwp%2Fv2%2Fcomments&post=1525"}],"version-history":[{"count":1,"href":"https:\/\/panoramadelsur.com.ar\/index.php?rest_route=\/wp\/v2\/posts\/1525\/revisions"}],"predecessor-version":[{"id":1527,"href":"https:\/\/panoramadelsur.com.ar\/index.php?rest_route=\/wp\/v2\/posts\/1525\/revisions\/1527"}],"wp:featuredmedia":[{"embeddable":true,"href":"https:\/\/panoramadelsur.com.ar\/index.php?rest_route=\/wp\/v2\/media\/39574"}],"wp:attachment":[{"href":"https:\/\/panoramadelsur.com.ar\/index.php?rest_route=%2Fwp%2Fv2%2Fmedia&parent=1525"}],"wp:term":[{"taxonomy":"category","embeddable":true,"href":"https:\/\/panoramadelsur.com.ar\/index.php?rest_route=%2Fwp%2Fv2%2Fcategories&post=1525"},{"taxonomy":"post_tag","embeddable":true,"href":"https:\/\/panoramadelsur.com.ar\/index.php?rest_route=%2Fwp%2Fv2%2Ftags&post=1525"}],"curies":[{"name":"wp","href":"https:\/\/api.w.org\/{rel}","templated":true}]}}