{"id":1530,"date":"2021-03-11T08:23:27","date_gmt":"2021-03-11T08:23:27","guid":{"rendered":"http:\/\/panoramadelsur.com.ar\/?p=1530"},"modified":"2021-03-11T08:23:28","modified_gmt":"2021-03-11T08:23:28","slug":"la-afip-establecio-un-regimen-de-facilidades-de-pago-para-aporte-extraordinario-de-grandes-fortunas","status":"publish","type":"post","link":"https:\/\/panoramadelsur.com.ar\/?p=1530","title":{"rendered":"La AFIP estableci\u00f3 un r\u00e9gimen de facilidades de pago para aporte extraordinario de grandes fortunas"},"content":{"rendered":"\n<p class=\"wp-block-paragraph\" id=\"block-e4fc4f9c-ec39-4af2-b74b-7fa40bf8930c\">La Administraci\u00f3n Federal de Ingresos P\u00fablicos (AFIP) habilit\u00f3 la posibilidad de cancelar el Aporte Solidario y Extraordinario de las grandes fortunas a trav\u00e9s de un r\u00e9gimen de facilidades de pago.<\/p>\n\n\n\n<p class=\"wp-block-paragraph\" id=\"block-f84ee9f3-cd08-43c6-8d32-67f3624185f1\">El organismo estableci\u00f3 que las personas alcanzadas podr\u00e1n optar entre el 23 de marzo y el 28 de abril, inclusive, por realizar un anticipo del 20% de la deuda consolidada e ingresar el saldo resultante en cinco pagos mensuales y consecutivos, inform\u00f3 el ente recaudador en un comunicado.<\/p>\n\n\n\n<p class=\"wp-block-paragraph\" id=\"block-a18254dc-cd09-4f66-96ef-dcad2490f25f\">La Resoluci\u00f3n General N\u00b0 4942 dispone que la tasa de financiaci\u00f3n para quienes opten por esta v\u00eda ser\u00e1 la correspondiente a la de los intereses resarcitorios del organismo.<\/p>\n\n\n\n<p class=\"wp-block-paragraph\" id=\"block-489b1cf4-ec9b-40ca-b2e9-8e487d01726c\">La normativa, que ser\u00e1 publicada en el Bolet\u00edn Oficial en los pr\u00f3ximos d\u00edas, busca contribuir al cumplimiento de las obligaciones de los contribuyentes.<\/p>\n\n\n\n<p class=\"wp-block-paragraph\" id=\"block-3ce1b757-490d-48bd-95a3-7679c6d4b535\">Para adherir al r\u00e9gimen de facilidades de pago es requisito concretar el anticipo del 20% de la deuda consolidada. Las cinco cuotas restantes se abonar\u00e1n el 16 de cada mes a partir del mes siguiente de concretado el pago inicial.<\/p>\n\n\n\n<p class=\"wp-block-paragraph\" id=\"block-330f319c-ab1e-4fc1-a422-0837526ba48f\">El plazo para presentar la declaraci\u00f3n jurada de los contribuyentes alcanzados por el Aporte Solidario y Extraordinario es el 30 de marzo.<\/p>\n\n\n\n<p class=\"wp-block-paragraph\" id=\"block-c248ab05-e27f-4d8e-bf39-9adf82bd12a8\">La solicitud de adhesi\u00f3n al r\u00e9gimen no podr\u00e1 ser rectificada y se considerar\u00e1 aceptada, siempre que se cumplan en su totalidad las condiciones y los requisitos previstos en la normativa.<\/p>\n\n\n\n<p class=\"wp-block-paragraph\" id=\"block-3f896a43-2f5e-47b5-ab04-a65be61cc134\">El Aporte Solidario y Extraordinario alcanza a las personas humanas y sucesiones indivisas residentes en el pa\u00eds por la totalidad de sus bienes en el pa\u00eds y en el exterior y a las personas humanas y sucesiones indivisas no residentes, por la totalidad de sus bienes en el pa\u00eds, siempre que los mismos superen la suma de $200 millones de pesos.<\/p>\n\n\n\n<p class=\"wp-block-paragraph\" id=\"block-955692c4-d1dd-4fc4-85ca-8bd9ff8e8569\">La fecha para la valuaci\u00f3n de los bienes es la de entrada en vigencia de la Ley, es decir el 18 de diciembre de 2020.<\/p>\n\n\n\n<p class=\"wp-block-paragraph\" id=\"block-5a58f2df-95ad-4489-b157-87a47d0e9c0d\">La ley aprobada por el Congreso en diciembre de 2020 establece el destino que tendr\u00e1n los fondos recaudados del Aporte Solidario y Extraordinario para enfrentar la Pandemia.<\/p>\n\n\n\n<p class=\"wp-block-paragraph\" id=\"block-681d4f15-37a8-41f7-9183-92088e46d204\">Son cinco las asignaciones especificadas: un 20% ser\u00e1 para la compra y\/o elaboraci\u00f3n de equipamiento m\u00e9dico, elementos de protecci\u00f3n, medicamentos, vacunas y todo otro insumo cr\u00edtico para la prevenci\u00f3n y asistencia sanitaria.<\/p>\n\n\n\n<p class=\"wp-block-paragraph\" id=\"block-5f33f952-e475-42e1-b5e5-7b47534c51b9\">Otro 20% se destinar\u00e1 a subsidios a las micro, peque\u00f1as y medianas empresas, con el principal objetivo de sostener el empleo y las remuneraciones de sus trabajadores.<\/p>\n\n\n\n<p class=\"wp-block-paragraph\" id=\"block-45bbc1bc-2c84-48d2-bf89-5033db9692fd\">Un porcentaje id\u00e9ntico ser\u00e1 para el programa integral de becas Progresar, para reforzar este plan que acompa\u00f1a a las y los estudiantes con un incentivo econ\u00f3mico y un importante est\u00edmulo personal en todos los niveles de formaci\u00f3n durante su trayectoria educativa y\/o acad\u00e9mica.<\/p>\n\n\n\n<p class=\"wp-block-paragraph\" id=\"block-7d7a4d97-681b-45be-bbfd-6d1a8473cb68\">A su vez, un 15% se asignar\u00e1 para el Fondo de Integraci\u00f3n Socio Urbana, enfocado en la mejora de la salud y de las condiciones habitacionales de los habitantes de los barrios populares y un 25% a programas y proyectos que apruebe la Secretar\u00eda de Energ\u00eda de la Naci\u00f3n, de exploraci\u00f3n, desarrollo y producci\u00f3n de gas natural.<\/p>\n","protected":false},"excerpt":{"rendered":"<p>La Administraci\u00f3n<\/p>\n","protected":false},"author":1,"featured_media":39574,"comment_status":"open","ping_status":"open","sticky":false,"template":"","format":"standard","meta":{"footnotes":""},"categories":[8],"tags":[],"class_list":["post-1530","post","type-post","status-publish","format-standard","has-post-thumbnail","hentry","category-para-agendar"],"_links":{"self":[{"href":"https:\/\/panoramadelsur.com.ar\/index.php?rest_route=\/wp\/v2\/posts\/1530","targetHints":{"allow":["GET"]}}],"collection":[{"href":"https:\/\/panoramadelsur.com.ar\/index.php?rest_route=\/wp\/v2\/posts"}],"about":[{"href":"https:\/\/panoramadelsur.com.ar\/index.php?rest_route=\/wp\/v2\/types\/post"}],"author":[{"embeddable":true,"href":"https:\/\/panoramadelsur.com.ar\/index.php?rest_route=\/wp\/v2\/users\/1"}],"replies":[{"embeddable":true,"href":"https:\/\/panoramadelsur.com.ar\/index.php?rest_route=%2Fwp%2Fv2%2Fcomments&post=1530"}],"version-history":[{"count":1,"href":"https:\/\/panoramadelsur.com.ar\/index.php?rest_route=\/wp\/v2\/posts\/1530\/revisions"}],"predecessor-version":[{"id":1532,"href":"https:\/\/panoramadelsur.com.ar\/index.php?rest_route=\/wp\/v2\/posts\/1530\/revisions\/1532"}],"wp:featuredmedia":[{"embeddable":true,"href":"https:\/\/panoramadelsur.com.ar\/index.php?rest_route=\/wp\/v2\/media\/39574"}],"wp:attachment":[{"href":"https:\/\/panoramadelsur.com.ar\/index.php?rest_route=%2Fwp%2Fv2%2Fmedia&parent=1530"}],"wp:term":[{"taxonomy":"category","embeddable":true,"href":"https:\/\/panoramadelsur.com.ar\/index.php?rest_route=%2Fwp%2Fv2%2Fcategories&post=1530"},{"taxonomy":"post_tag","embeddable":true,"href":"https:\/\/panoramadelsur.com.ar\/index.php?rest_route=%2Fwp%2Fv2%2Ftags&post=1530"}],"curies":[{"name":"wp","href":"https:\/\/api.w.org\/{rel}","templated":true}]}}