{"id":1533,"date":"2021-03-11T17:24:01","date_gmt":"2021-03-11T17:24:01","guid":{"rendered":"http:\/\/panoramadelsur.com.ar\/?p=1533"},"modified":"2021-03-11T17:24:04","modified_gmt":"2021-03-11T17:24:04","slug":"nuevo-operativo-de-saturacion-y-control-vehicular-en-conjunto-entre-los-municipios-de-quilmes-lomas-de-zamora-florencio-varela-y-almirante-brown","status":"publish","type":"post","link":"https:\/\/panoramadelsur.com.ar\/?p=1533","title":{"rendered":"Nuevo operativo de saturaci\u00f3n y control vehicular en conjunto entre los municipios de Quilmes, Lomas De Zamora, Florencio Varela y Almirante Brown"},"content":{"rendered":"\n<p class=\"wp-block-paragraph\">El Municipio de Quilmes llev\u00f3 adelante durante la jornada del mi\u00e9rcoles un operativo de saturaci\u00f3n e interceptaci\u00f3n vehicular en conjunto con las Comunas de Lomas de Zamora, Florencio Varela y Almirante Brown, con la participaci\u00f3n de la Polic\u00eda de la Provincia de Buenos Aires y otras fuerzas, con el objetivo de reforzar las tareas de prevenci\u00f3n y control en los puntos lim\u00edtrofes entre distritos.<\/p>\n\n\n\n<p class=\"wp-block-paragraph\">Los procedimientos &nbsp;se realizaron en la ruta provincial N\u00ba 4 (avenida Monteverde) y avenida 24, en San Francisco Solano y sus adyacencias. All\u00ed trabaj\u00f3 personal de la Secretar\u00eda de Seguridad y Ordenamiento Urbano de Quilmes, a cargo de Gaspar De St\u00e9fano, en coordinaci\u00f3n con las carteras de Lomas, Varela y Almirante Brown; el Comando de Patrullas, la Polic\u00eda Local y la Unidad T\u00e1ctica de Operaciones Inmediatas (UTOI).<\/p>\n\n\n\n<p class=\"wp-block-paragraph\">\u201cHicimos un nuevo operativo de control en el que se trabaj\u00f3 mancomunadamente con los municipios de Lomas de Zamora, Florencio Varela y Almirante Brown. Coordinamos las acciones para brindarles una mejor respuesta y m\u00e1s seguridad a los vecinos y vecinas de toda esa zona\u201d, asegur\u00f3 De St\u00e9fano.<\/p>\n\n\n\n<p class=\"wp-block-paragraph\">Los operativos fueron diagramados en conjunto por las Secretar\u00edas de Seguridad y las Estaciones de Polic\u00eda de&nbsp; los distritos participantes.<\/p>\n\n\n\n<p class=\"wp-block-paragraph\">Previamente, De St\u00e9fano mantuvo una reuni\u00f3n con el subsecretario de Intervenci\u00f3n Federal del Ministerio de Seguridad de la Naci\u00f3n, Luis Morales; el director de Planificaci\u00f3n Operativa y Centro de Monitoreo nacional, Juan Manuel Scanga, y el subsecretario de Coordinaci\u00f3n Operativa de Seguridad local, Diego Feustel, con quienes continu\u00f3 coordinando acciones conjuntas para reforzar la presencia de las Fuerzas Federales en Quilmes.<\/p>\n","protected":false},"excerpt":{"rendered":"<p>El Municipio<\/p>\n","protected":false},"author":1,"featured_media":39574,"comment_status":"open","ping_status":"open","sticky":false,"template":"","format":"standard","meta":{"footnotes":""},"categories":[2],"tags":[],"class_list":["post-1533","post","type-post","status-publish","format-standard","has-post-thumbnail","hentry","category-quilmes"],"_links":{"self":[{"href":"https:\/\/panoramadelsur.com.ar\/index.php?rest_route=\/wp\/v2\/posts\/1533","targetHints":{"allow":["GET"]}}],"collection":[{"href":"https:\/\/panoramadelsur.com.ar\/index.php?rest_route=\/wp\/v2\/posts"}],"about":[{"href":"https:\/\/panoramadelsur.com.ar\/index.php?rest_route=\/wp\/v2\/types\/post"}],"author":[{"embeddable":true,"href":"https:\/\/panoramadelsur.com.ar\/index.php?rest_route=\/wp\/v2\/users\/1"}],"replies":[{"embeddable":true,"href":"https:\/\/panoramadelsur.com.ar\/index.php?rest_route=%2Fwp%2Fv2%2Fcomments&post=1533"}],"version-history":[{"count":1,"href":"https:\/\/panoramadelsur.com.ar\/index.php?rest_route=\/wp\/v2\/posts\/1533\/revisions"}],"predecessor-version":[{"id":1535,"href":"https:\/\/panoramadelsur.com.ar\/index.php?rest_route=\/wp\/v2\/posts\/1533\/revisions\/1535"}],"wp:featuredmedia":[{"embeddable":true,"href":"https:\/\/panoramadelsur.com.ar\/index.php?rest_route=\/wp\/v2\/media\/39574"}],"wp:attachment":[{"href":"https:\/\/panoramadelsur.com.ar\/index.php?rest_route=%2Fwp%2Fv2%2Fmedia&parent=1533"}],"wp:term":[{"taxonomy":"category","embeddable":true,"href":"https:\/\/panoramadelsur.com.ar\/index.php?rest_route=%2Fwp%2Fv2%2Fcategories&post=1533"},{"taxonomy":"post_tag","embeddable":true,"href":"https:\/\/panoramadelsur.com.ar\/index.php?rest_route=%2Fwp%2Fv2%2Ftags&post=1533"}],"curies":[{"name":"wp","href":"https:\/\/api.w.org\/{rel}","templated":true}]}}