{"id":1536,"date":"2021-03-11T17:40:00","date_gmt":"2021-03-11T17:40:00","guid":{"rendered":"http:\/\/panoramadelsur.com.ar\/?p=1536"},"modified":"2021-03-11T17:46:21","modified_gmt":"2021-03-11T17:46:21","slug":"mayra-mendoza-suscribio-con-axel-kicillof-convenios-para-reactivar-obras-paralizadas-y-construir-soluciones-habitacionales","status":"publish","type":"post","link":"https:\/\/panoramadelsur.com.ar\/?p=1536","title":{"rendered":"Mayra Mendoza suscribi\u00f3 con Axel Kicillof convenios para reactivar obras paralizadas y construir soluciones habitacionales"},"content":{"rendered":"\n<p class=\"wp-block-paragraph\">La intendenta de Quilmes, Mayra Mendoza, particip\u00f3 esta ma\u00f1ana del acto que encabez\u00f3 el gobernador de la provincia de Buenos Aires, Axel Kicillof, junto al ministro de Infraestructura y Servicios P\u00fablicos, Agust\u00edn Simone, en el que se anunci\u00f3 la puesta en marcha de 36 convenios que permitir\u00e1n destinar 5.100 millones de pesos para la reactivaci\u00f3n de obras de vivienda que hab\u00edan sido paralizadas, y la construcci\u00f3n de 1.200 soluciones habitacionales en 35 municipios bonaerenses.<\/p>\n\n\n\n<p class=\"wp-block-paragraph\">\u201cCon mucha alegr\u00eda participamos de la firma de un convenio con el gobernador Axel Kicillof y el ministro de Infraestructura Agust\u00edn Simone, para la construcci\u00f3n y adjudicaci\u00f3n de viviendas en nuestro municipio. Seguimos trabajando coordinadamente con la Provincia para responder a las necesidades de nuestra poblaci\u00f3n\u201d, asegur\u00f3 Mayra, tras el acto en el Sal\u00f3n Dorado de la Gobernaci\u00f3n.<\/p>\n\n\n\n<p class=\"wp-block-paragraph\">Por su parte, Kicillof destac\u00f3 que \u201cen la provincia de Buenos Aires ha faltado durante mucho tiempo una pol\u00edtica que abordara la planificaci\u00f3n de la tierra y el acceso a la vivienda. Esto ha derivado en la construcci\u00f3n de barrios y viviendas por fuera de las normas y, en el caso de los sectores m\u00e1s vulnerables, en problemas de hacinamiento y ausencia de servicios b\u00e1sicos\u201d.<\/p>\n\n\n\n<p class=\"wp-block-paragraph\">En ese marco, el Gobernador se\u00f1al\u00f3 que \u201chemos creado la Unidad de Tierra y Vivienda, que encabeza la ministra de Gobierno, Teresa Garc\u00eda, para terminar con la ausencia del Estado en t\u00e9rminos de la planificaci\u00f3n, regulaci\u00f3n y uso del suelo urbano\u201d, y a\u00f1adi\u00f3: \u201cEn primer lugar, hemos tomado la decisi\u00f3n de reactivar las 5 mil viviendas que durante los a\u00f1os anteriores se hab\u00edan dejado a mitad de camino\u201d.<\/p>\n\n\n\n<p class=\"wp-block-paragraph\">Kicillof, subray\u00f3 que \u201cdonde dejaron una vivienda sin terminar, vandalizada y con deudas, nos pusimos a trabajar para terminarla, tanto en municipios del oficialismo como de la oposici\u00f3n, y as\u00ed dar una respuesta a los y las bonaerenses\u201d.<\/p>\n\n\n\n<p class=\"wp-block-paragraph\">En tanto, Simone remarc\u00f3: \u201cNuestros lineamientos implican reiniciar las obras que hab\u00edan sido paralizadas en la Provincia y, a su vez, iniciar un proceso de construcci\u00f3n de viviendas que generar\u00e1 la oportunidad para&nbsp; que muchos bonaerenses puedan tener acceso a la vivienda digna. Al mismo tiempo, apuntamos a la reactivaci\u00f3n econ\u00f3mica y a la generaci\u00f3n de empleo dentro de cada municipio, previendo que cada vivienda crea al menos cuatro puestos de trabajo directos.<\/p>\n\n\n\n<p class=\"wp-block-paragraph\">A partir de los acuerdos que se enmarcan en el Programa Solidaridad del Instituto de la Vivienda de Buenos Aires (IVBA), la Provincia financiar\u00e1 las obras y articular\u00e1 las tareas con los distritos, que aportar\u00e1n los terrenos y la mano de obra.<\/p>\n\n\n\n<p class=\"wp-block-paragraph\">Estos convenios se inscriben en el Plan Estrat\u00e9gico de Infraestructura, que contempla una inversi\u00f3n superior a los 14.400 millones de pesos para construir este a\u00f1o m\u00e1s de 10 mil viviendas y generar 40 mil puestos de trabajo. El programa prev\u00e9 invertir cerca de 102 mil millones de pesos en cuatro a\u00f1os para la creaci\u00f3n de soluciones habitacionales.<\/p>\n\n\n\n<p class=\"wp-block-paragraph\">En esta primera etapa suscribieron los acuerdos las intendentas de Quilmes, Mayra Mendoza; de General Arenales, Erica Revilla, y de Carlos Tejedor, Mar\u00eda Celia Gianini; y los intendentes de Benito Ju\u00e1rez, Julio C\u00e9sar Marini; de Castelli, Francisco Echarren; de General Madariaga, Esteban Santoro; de Pehuaj\u00f3, Pablo Zurro; y de Tres Lomas, Roberto \u00c1lvarez.<\/p>\n\n\n\n<p class=\"wp-block-paragraph\">Estuvieron presentes el jefe de Gabinete, Carlos Bianco; el ministro de Desarrollo de la Comunidad, Andr\u00e9s Larroque; el subsecretario de Obras P\u00fablicas, Ernesto Selzer; el administrador general del Instituto de la Vivienda, Miguel \u00c1ngel Oroz, y el director general de Obras, Marcelo Scarfo.<\/p>\n\n\n\n<p class=\"wp-block-paragraph\">Participaron tambi\u00e9n los jefes comunales de Daireaux, Alejandro Acerbo; de General Paz, Roberto \u00c1lvarez; de Villarino, Carlos Bevilacqua; de Monte Hermoso, Alejandro Dichiara; de General Rodr\u00edguez, Mauro Garc\u00eda; de Lezama, Arnaldo Harispe; de Alberti, Germ\u00e1n Lago; de Tandil, Miguel \u00c1ngel Lunghi; de Exaltaci\u00f3n de la Cruz, Diego Nanni; de Arrecifes, Javier Olaeta; de Tordillo, H\u00e9ctor Olivera; de Pellegrini, Guillermo Pacheco; de Mar Chiquita, Jorge Paredi; de Hip\u00f3lito Yrigoyen, Luis Ignacio Pugnaloni; de Adolfo Gonzales Chaves, Marcelo Santill\u00e1n; de Rauch, Maximiliano Suescun; de Carlos Casares, Walter Torchio; de Laprida, Pablo Torres; de Mercedes, Juan Ustarroz; de Pila, Gustavo Walker; y de Patagones, Jos\u00e9 Luis Zara; y los intendentes interinos de Tornquist, Sebasti\u00e1n Bassi; y de Chascom\u00fas, Claudio Ortega.<\/p>\n","protected":false},"excerpt":{"rendered":"<p>La intendenta<\/p>\n","protected":false},"author":1,"featured_media":39574,"comment_status":"open","ping_status":"open","sticky":false,"template":"","format":"standard","meta":{"footnotes":""},"categories":[1,2],"tags":[],"class_list":["post-1536","post","type-post","status-publish","format-standard","has-post-thumbnail","hentry","category-destacados","category-quilmes"],"_links":{"self":[{"href":"https:\/\/panoramadelsur.com.ar\/index.php?rest_route=\/wp\/v2\/posts\/1536","targetHints":{"allow":["GET"]}}],"collection":[{"href":"https:\/\/panoramadelsur.com.ar\/index.php?rest_route=\/wp\/v2\/posts"}],"about":[{"href":"https:\/\/panoramadelsur.com.ar\/index.php?rest_route=\/wp\/v2\/types\/post"}],"author":[{"embeddable":true,"href":"https:\/\/panoramadelsur.com.ar\/index.php?rest_route=\/wp\/v2\/users\/1"}],"replies":[{"embeddable":true,"href":"https:\/\/panoramadelsur.com.ar\/index.php?rest_route=%2Fwp%2Fv2%2Fcomments&post=1536"}],"version-history":[{"count":1,"href":"https:\/\/panoramadelsur.com.ar\/index.php?rest_route=\/wp\/v2\/posts\/1536\/revisions"}],"predecessor-version":[{"id":1538,"href":"https:\/\/panoramadelsur.com.ar\/index.php?rest_route=\/wp\/v2\/posts\/1536\/revisions\/1538"}],"wp:featuredmedia":[{"embeddable":true,"href":"https:\/\/panoramadelsur.com.ar\/index.php?rest_route=\/wp\/v2\/media\/39574"}],"wp:attachment":[{"href":"https:\/\/panoramadelsur.com.ar\/index.php?rest_route=%2Fwp%2Fv2%2Fmedia&parent=1536"}],"wp:term":[{"taxonomy":"category","embeddable":true,"href":"https:\/\/panoramadelsur.com.ar\/index.php?rest_route=%2Fwp%2Fv2%2Fcategories&post=1536"},{"taxonomy":"post_tag","embeddable":true,"href":"https:\/\/panoramadelsur.com.ar\/index.php?rest_route=%2Fwp%2Fv2%2Ftags&post=1536"}],"curies":[{"name":"wp","href":"https:\/\/api.w.org\/{rel}","templated":true}]}}