{"id":1576,"date":"2021-03-12T01:02:00","date_gmt":"2021-03-12T01:02:00","guid":{"rendered":"http:\/\/panoramadelsur.com.ar\/?p=1576"},"modified":"2021-03-11T22:54:33","modified_gmt":"2021-03-11T22:54:33","slug":"mayra-mendoza-junto-a-tristan-bauer-seguiremos-articulando-para-ampliar-el-acceso-a-las-practicas-y-expresiones-culturales","status":"publish","type":"post","link":"https:\/\/panoramadelsur.com.ar\/?p=1576","title":{"rendered":"Mayra Mendoza junto a Trist\u00e1n Bauer: \u00abSeguiremos articulando para ampliar el acceso a las pr\u00e1cticas y expresiones culturales\u00bb"},"content":{"rendered":"\n<p class=\"wp-block-paragraph\">La intendenta de Quilmes, Mayra Mendoza, recibi\u00f3 al ministro de Cultura de la Naci\u00f3n, Trist\u00e1n Bauer, y recorrieron el Teatro Municipal, ubicado en Mitre 721, de Quilmes, en donde se realiz\u00f3 la presentaci\u00f3n de equipo de consola y luminarias adquiridas a trav\u00e9s del Ministerio de Cultura de la Naci\u00f3n.<\/p>\n\n\n\n<p class=\"wp-block-paragraph\">\u201cRecibimos al ministro Trist\u00e1n Bauer en el Teatro Municipal, que estamos acondicionando con nueva iluminaci\u00f3n y consolas que logramos adquirir gracias al acompa\u00f1amiento del Ministerio de Cultura de la Naci\u00f3n. Luego nos reunimos con responsables de distintos espacios culturales de nuestra ciudad que fueron alcanzados por pol\u00edticas y programas del ministerio. Seguiremos articulando para ampliar el acceso a las pr\u00e1cticas y expresiones culturales\u201d, sostuvo Mayra sobre el encuentro.<\/p>\n\n\n\n<p class=\"wp-block-paragraph\">M\u00e1s tarde, los funcionarios mantuvieron una reuni\u00f3n con beneficiarios de distintas pol\u00edticas culturales nacionales en la Fundaci\u00f3n Comunidad Contempor\u00e1nea (Moreno 882, Quilmes): miembros de la Fundaci\u00f3n Comunidad Contempor\u00e1nea y Centro de Arte y Cultura Muuk, beneficiarios del Fondo Desarrollar; beneficiarios de Puntos de Cultura del a\u00f1o 2020 y miembros de proyectos de la red de puntos de cultura de Quilmes, e integrantes del Colectivo Murguero de Quilmes.<\/p>\n\n\n\n<p class=\"wp-block-paragraph\">A su vez, el Ministro junto con autoridades de la Secretar\u00eda de Educaci\u00f3n Culturas y Deportes local se dirigi\u00f3 luego al Polideportivo Municipal Reynaldo Gorno, donde asisti\u00f3 a la presentaci\u00f3n de un mural de Carnaval, a cargo de Daniela Anzo\u00e1tegui.<\/p>\n\n\n\n<p class=\"wp-block-paragraph\">En tanto, el secretario de Educaci\u00f3n Culturas y Deportes de Quilmes, Mario Lozano, expres\u00f3: \u201cJunto a la Intendenta y al Ministro hicimos un relevamiento de la compra que realizamos para nuestro teatro, que nos permitir\u00e1 dejar de tenerla necesidad de alquilar esas luces y equipos que no ten\u00edamos. Tambi\u00e9n nos reunimos con asociaciones culturales que fueron financiadas por el Estado durante la pandemia y el Ministro tom\u00f3 nota de sus necesidades. Y finalmente, fuimos al Polideportivo a ver un mural que representa los 10 a\u00f1os del restablecimiento del feriado de Carnaval\u201d.<\/p>\n\n\n\n<p class=\"wp-block-paragraph\">Estuvieron tambi\u00e9n presentes en la actividad, la Subsecretar\u00eda de Culturas local, Gabriela Alonso; el Director General de Pol\u00edticas Socioculturales, Ezequiel Varela, y el director del Teatro Municipal de Quilmes, Alejandro Monforte.<\/p>\n","protected":false},"excerpt":{"rendered":"<p>La intendenta<\/p>\n","protected":false},"author":1,"featured_media":39574,"comment_status":"open","ping_status":"open","sticky":false,"template":"","format":"standard","meta":{"footnotes":""},"categories":[11,1],"tags":[],"class_list":["post-1576","post","type-post","status-publish","format-standard","has-post-thumbnail","hentry","category-cultura","category-destacados"],"_links":{"self":[{"href":"https:\/\/panoramadelsur.com.ar\/index.php?rest_route=\/wp\/v2\/posts\/1576","targetHints":{"allow":["GET"]}}],"collection":[{"href":"https:\/\/panoramadelsur.com.ar\/index.php?rest_route=\/wp\/v2\/posts"}],"about":[{"href":"https:\/\/panoramadelsur.com.ar\/index.php?rest_route=\/wp\/v2\/types\/post"}],"author":[{"embeddable":true,"href":"https:\/\/panoramadelsur.com.ar\/index.php?rest_route=\/wp\/v2\/users\/1"}],"replies":[{"embeddable":true,"href":"https:\/\/panoramadelsur.com.ar\/index.php?rest_route=%2Fwp%2Fv2%2Fcomments&post=1576"}],"version-history":[{"count":1,"href":"https:\/\/panoramadelsur.com.ar\/index.php?rest_route=\/wp\/v2\/posts\/1576\/revisions"}],"predecessor-version":[{"id":1579,"href":"https:\/\/panoramadelsur.com.ar\/index.php?rest_route=\/wp\/v2\/posts\/1576\/revisions\/1579"}],"wp:featuredmedia":[{"embeddable":true,"href":"https:\/\/panoramadelsur.com.ar\/index.php?rest_route=\/wp\/v2\/media\/39574"}],"wp:attachment":[{"href":"https:\/\/panoramadelsur.com.ar\/index.php?rest_route=%2Fwp%2Fv2%2Fmedia&parent=1576"}],"wp:term":[{"taxonomy":"category","embeddable":true,"href":"https:\/\/panoramadelsur.com.ar\/index.php?rest_route=%2Fwp%2Fv2%2Fcategories&post=1576"},{"taxonomy":"post_tag","embeddable":true,"href":"https:\/\/panoramadelsur.com.ar\/index.php?rest_route=%2Fwp%2Fv2%2Ftags&post=1576"}],"curies":[{"name":"wp","href":"https:\/\/api.w.org\/{rel}","templated":true}]}}