{"id":1675,"date":"2021-03-16T13:39:04","date_gmt":"2021-03-16T13:39:04","guid":{"rendered":"http:\/\/panoramadelsur.com.ar\/?p=1675"},"modified":"2021-03-16T13:39:05","modified_gmt":"2021-03-16T13:39:05","slug":"se-reforzaron-trabajos-de-saneamiento-hidraulico-en-diversos-barrios-varelenses","status":"publish","type":"post","link":"https:\/\/panoramadelsur.com.ar\/?p=1675","title":{"rendered":"Se reforzaron trabajos de saneamiento hidr\u00e1ulico en diversos barrios varelenses"},"content":{"rendered":"\n<p class=\"wp-block-paragraph\">El municipio conducido por Andr\u00e9s Watson informa sobre los trabajos de saneamiento hidr\u00e1ulico realizados en distintos barrios varelenses, con el objetivo de fortalecer el sistema pluvial en las zonas intervenidas, seg\u00fan se comunic\u00f3 desde las delegaciones municipales de Bosques, Ingeniero Allan y Villa M\u00f3nica Nueva.<\/p>\n\n\n\n<p class=\"wp-block-paragraph\"><strong>Bosques. <\/strong>Se llevaronadelante tareas de saneamiento hidr\u00e1ulico en distintos puntos del barrio Bosques Norte, sobre las calles Santa Teresita y Hernandarias, entre otras.<\/p>\n\n\n\n<p class=\"wp-block-paragraph\"><strong>Ingeniero Allan. <\/strong>Se efectuaron labores en La Carolina, desde el personal del Corral\u00f3n Municipal, de cruce de calles, que adem\u00e1s const\u00f3 en la colocaci\u00f3n de ca\u00f1os, sobre las siguientes arterias: 1.120 y 1.149 A; y 1.120 esquina 1.151.<\/p>\n\n\n\n<p class=\"wp-block-paragraph\"><strong>Villa M\u00f3nica Nueva. <\/strong>Se hicieron en Villa M\u00f3nica Nueva trabajos de despeje de un conducto pluvial, situado sobre la calle Ancianidad esquina Virgen de Itat\u00ed.<\/p>\n\n\n\n<p class=\"wp-block-paragraph\">Todas las acciones descriptas buscan optimizar el sistema pluvial de las zonas intervenidas para evitar anegamientos y favorecer, de este modo, el correcto drenaje de agua.<\/p>\n\n\n\n<p class=\"wp-block-paragraph\">Cabe remarcar, que todas las labores detalladas fueron hechas respondiendo a la peticiones de las y los varelenses que fueron solicitadas a la L\u00ednea Municipal, el 0800 &#8211; 999 &#8211; 1234 y ante las sedes de Uni\u00f3n de Gesti\u00f3n Local (UGL), pertenecientes a las delegaciones mencionadas.<\/p>\n\n\n\n<p class=\"wp-block-paragraph\"><strong>Plan Buenos Aires Vacunate<\/strong><\/p>\n\n\n\n<p class=\"wp-block-paragraph\">Cabe destacar que en todas las sedes de las delegaciones municipales se est\u00e1 preinscribiendo para la vacuna contra el Covid- 19: propuesta llevada adelante gracias a la decisi\u00f3n del intendente Andr\u00e9s Watson de facilitar el acceso a la informaci\u00f3n y la inscripci\u00f3n de las y los varelenses que no poseen conectividad o no usan equipos con acceso a la red de internet.<\/p>\n\n\n\n<p class=\"wp-block-paragraph\">Las y los vecinos pueden acercarse a las referidas sedes municipales -de lunes a viernes de 8:00 a 14:00 horas-, situadas en: Bosques (Rub\u00e9n Dar\u00edo N\u00ba 1462 entre Pehuaj\u00f3 y Lugones); Cruce Varela (Alfonsina Storni N\u00ba 1500 esquina S\u00e1nchez de Loria); Ingeniero Allan (calle 1148 N\u00ba 2669 entre 1151 y 1153); La Capilla (Ruta Provincial N\u00ba 53 entre 1530 y 1507); y Villa M\u00f3nica Nueva (Albarrac\u00edn de Sarmiento N\u00ba 1393 entre Directorio y Asamblea).<\/p>\n\n\n\n<p class=\"wp-block-paragraph\">Por \u00faltimo, es menester remarcar que la concurrencia a las delegaciones debe desarrollarse siguiendo las medidas sanitarias preventivas dispuestas para evitar el riesgo de contagio de Covid-19: el correcto uso de tapa nariz-boca o barbijo, la utilizaci\u00f3n de alcohol en gel, as\u00ed como tambi\u00e9n respetar el distanciamiento social de dos metros.<\/p>\n","protected":false},"excerpt":{"rendered":"<p>El municipio<\/p>\n","protected":false},"author":1,"featured_media":39574,"comment_status":"open","ping_status":"open","sticky":false,"template":"","format":"standard","meta":{"footnotes":""},"categories":[3],"tags":[],"class_list":["post-1675","post","type-post","status-publish","format-standard","has-post-thumbnail","hentry","category-regionales"],"_links":{"self":[{"href":"https:\/\/panoramadelsur.com.ar\/index.php?rest_route=\/wp\/v2\/posts\/1675","targetHints":{"allow":["GET"]}}],"collection":[{"href":"https:\/\/panoramadelsur.com.ar\/index.php?rest_route=\/wp\/v2\/posts"}],"about":[{"href":"https:\/\/panoramadelsur.com.ar\/index.php?rest_route=\/wp\/v2\/types\/post"}],"author":[{"embeddable":true,"href":"https:\/\/panoramadelsur.com.ar\/index.php?rest_route=\/wp\/v2\/users\/1"}],"replies":[{"embeddable":true,"href":"https:\/\/panoramadelsur.com.ar\/index.php?rest_route=%2Fwp%2Fv2%2Fcomments&post=1675"}],"version-history":[{"count":1,"href":"https:\/\/panoramadelsur.com.ar\/index.php?rest_route=\/wp\/v2\/posts\/1675\/revisions"}],"predecessor-version":[{"id":1677,"href":"https:\/\/panoramadelsur.com.ar\/index.php?rest_route=\/wp\/v2\/posts\/1675\/revisions\/1677"}],"wp:featuredmedia":[{"embeddable":true,"href":"https:\/\/panoramadelsur.com.ar\/index.php?rest_route=\/wp\/v2\/media\/39574"}],"wp:attachment":[{"href":"https:\/\/panoramadelsur.com.ar\/index.php?rest_route=%2Fwp%2Fv2%2Fmedia&parent=1675"}],"wp:term":[{"taxonomy":"category","embeddable":true,"href":"https:\/\/panoramadelsur.com.ar\/index.php?rest_route=%2Fwp%2Fv2%2Fcategories&post=1675"},{"taxonomy":"post_tag","embeddable":true,"href":"https:\/\/panoramadelsur.com.ar\/index.php?rest_route=%2Fwp%2Fv2%2Ftags&post=1675"}],"curies":[{"name":"wp","href":"https:\/\/api.w.org\/{rel}","templated":true}]}}