{"id":1695,"date":"2021-03-17T00:02:00","date_gmt":"2021-03-17T00:02:00","guid":{"rendered":"http:\/\/panoramadelsur.com.ar\/?p=1695"},"modified":"2021-03-17T12:07:50","modified_gmt":"2021-03-17T12:07:50","slug":"el-municipio-realizo-una-nueva-firma-de-expedientes-de-escrituras-para-85-familias-de-quilmes","status":"publish","type":"post","link":"https:\/\/panoramadelsur.com.ar\/?p=1695","title":{"rendered":"El Municipio realiz\u00f3 una nueva firma de expedientes de escrituras para 85 familias de Quilmes"},"content":{"rendered":"\n<p class=\"wp-block-paragraph\">El Municipio de Quilmes llev\u00f3 a cabo un nuevo acto de firmas de regularizaci\u00f3n dominial para 85 familias quilme\u00f1as, en el marco del programa \u201cMi Escritura, Mi Casa\u201d, del Gobierno de la Provincia de Buenos Aires.<\/p>\n\n\n\n<p class=\"wp-block-paragraph\">El evento se desarroll\u00f3 en el Teatro Municipal de Quilmes, en Mitre 721 y en representaci\u00f3n de la jefa comunal de Quilmes, Mayra Mendoza, fue encabezado por la secretaria de Desarrollo Urbano y Obra P\u00fablica local, Cecilia Soler, quien explic\u00f3 que \u201ceste es el \u00faltimo paso antes de la entrega final de la escritura. Les damos todo nuestro compromiso, que es el de la intendenta Mayra Mendoza, de acompa\u00f1arlos en todos los pasos que sean necesarios para que cuanto antes podamos estar encontr\u00e1ndonos en este mismo espacio, pero ya con la escritura y entreg\u00e1ndola de manera definitiva\u201d. Tambi\u00e9n estuvo presente la directora general de Vivienda local, Adriana Cittadino.<\/p>\n\n\n\n<p class=\"wp-block-paragraph\">Un matrimonio que logr\u00f3 concretar la firma, Silvero Servando y Mar\u00eda Ben\u00edtez, comentaron sobre el avance del tr\u00e1mite que \u201cesto significa muchas cosas. Significa que tengamos el t\u00edtulo para ser due\u00f1os del terreno, es una tranquilidad para nosotros y nuestros hijos. Es una alegr\u00eda porque hace mucho tiempo que uno espera tener su t\u00edtulo, ser propietario. Estamos contentos\u201d.<\/p>\n\n\n\n<p class=\"wp-block-paragraph\">Por su parte, la vecina Lidia Galarza se mostr\u00f3 muy emocionada: \u201cPara m\u00ed es algo muy importante, desde los 28 a\u00f1os ten\u00eda la esperanza que un d\u00eda iba a tener mi terreno. Fui pagando hasta que pagu\u00e9 todo, ahora tengo 69 y soy la persona m\u00e1s feliz del mundo. Hay que tener fe y esperanza\u201d.<\/p>\n\n\n\n<p class=\"wp-block-paragraph\">En la misma l\u00ednea, el vecino Roberto Ojeda detall\u00f3: \u201cEsto es buen\u00edsimo para obtener la propiedad, es fundamental. Hace bastante que esperaba el tr\u00e1mite, sent\u00ed una emoci\u00f3n muy grande. Hubo que esperar pero estamos muy contentos\u201d.<\/p>\n\n\n\n<p class=\"wp-block-paragraph\">Otro de los beneficiarios, Tito Vela P\u00e9rez, expres\u00f3 que \u201cpara nosotros es una alegr\u00eda enterarnos que por fin vamos a tener las escrituras a nombre nuestro. Es una emoci\u00f3n muy grande enterarte que vas a ser titular, estamos agradecidos con la Intendenta de Quilmes\u201d.<\/p>\n\n\n\n<p class=\"wp-block-paragraph\">En esta oportunidad participaron vecinos de los barrios La Esperanza, Santa Luc\u00eda, San Antonio, Papeleros, San Francisco Solano, Quilmes Oeste, Quilmes Este y Bernal, entre otros.<\/p>\n\n\n\n<p class=\"wp-block-paragraph\"><strong>Mi&nbsp;escritura, mi casa<\/strong><\/p>\n\n\n\n<p class=\"wp-block-paragraph\">El Municipio de Quilmes inicia el tr\u00e1mite de escrituraci\u00f3n gratuita que contempla la ley 10.830 para acceder al t\u00edtulo de propiedad a trav\u00e9s del programa \u201cMi&nbsp;escritura, mi casa\u201d, que lleva adelante la Escriban\u00eda General de Gobierno, dependiente del Ministerio de Justicia y Derechos Humanos de la Provincia.<\/p>\n\n\n\n<p class=\"wp-block-paragraph\">Mediante este programa de regularizaci\u00f3n dominial, cada vecino y vecina bonaerense obtendr\u00e1 la seguridad jur\u00eddica de su hogar y podr\u00e1 acceder a nuevos derechos como gestionar la protecci\u00f3n a la vivienda, solicitar un cr\u00e9dito hipotecario para la ampliaci\u00f3n de su casa o presentar la&nbsp;escritura&nbsp;como garant\u00eda, entre otros.<\/p>\n","protected":false},"excerpt":{"rendered":"<p>El Municipio<\/p>\n","protected":false},"author":1,"featured_media":39574,"comment_status":"open","ping_status":"open","sticky":false,"template":"","format":"standard","meta":{"footnotes":""},"categories":[10,2],"tags":[],"class_list":["post-1695","post","type-post","status-publish","format-standard","has-post-thumbnail","hentry","category-mas-noticias","category-quilmes"],"_links":{"self":[{"href":"https:\/\/panoramadelsur.com.ar\/index.php?rest_route=\/wp\/v2\/posts\/1695","targetHints":{"allow":["GET"]}}],"collection":[{"href":"https:\/\/panoramadelsur.com.ar\/index.php?rest_route=\/wp\/v2\/posts"}],"about":[{"href":"https:\/\/panoramadelsur.com.ar\/index.php?rest_route=\/wp\/v2\/types\/post"}],"author":[{"embeddable":true,"href":"https:\/\/panoramadelsur.com.ar\/index.php?rest_route=\/wp\/v2\/users\/1"}],"replies":[{"embeddable":true,"href":"https:\/\/panoramadelsur.com.ar\/index.php?rest_route=%2Fwp%2Fv2%2Fcomments&post=1695"}],"version-history":[{"count":1,"href":"https:\/\/panoramadelsur.com.ar\/index.php?rest_route=\/wp\/v2\/posts\/1695\/revisions"}],"predecessor-version":[{"id":1697,"href":"https:\/\/panoramadelsur.com.ar\/index.php?rest_route=\/wp\/v2\/posts\/1695\/revisions\/1697"}],"wp:featuredmedia":[{"embeddable":true,"href":"https:\/\/panoramadelsur.com.ar\/index.php?rest_route=\/wp\/v2\/media\/39574"}],"wp:attachment":[{"href":"https:\/\/panoramadelsur.com.ar\/index.php?rest_route=%2Fwp%2Fv2%2Fmedia&parent=1695"}],"wp:term":[{"taxonomy":"category","embeddable":true,"href":"https:\/\/panoramadelsur.com.ar\/index.php?rest_route=%2Fwp%2Fv2%2Fcategories&post=1695"},{"taxonomy":"post_tag","embeddable":true,"href":"https:\/\/panoramadelsur.com.ar\/index.php?rest_route=%2Fwp%2Fv2%2Ftags&post=1695"}],"curies":[{"name":"wp","href":"https:\/\/api.w.org\/{rel}","templated":true}]}}