{"id":1716,"date":"2021-03-17T01:01:00","date_gmt":"2021-03-17T01:01:00","guid":{"rendered":"http:\/\/panoramadelsur.com.ar\/?p=1716"},"modified":"2021-03-17T04:12:13","modified_gmt":"2021-03-17T04:12:13","slug":"intendentes-sindicalistas-y-ministros-integran-la-lista-de-pj-bonaerense-que-lidera-maximo-kirchner","status":"publish","type":"post","link":"https:\/\/panoramadelsur.com.ar\/?p=1716","title":{"rendered":"Intendentes, sindicalistas y ministros integran la lista de PJ bonaerense que lidera M\u00e1ximo Kirchner"},"content":{"rendered":"\n<p class=\"wp-block-paragraph\">El PJ Bonaerense oficializ\u00f3 ayer la lista de unidad para la renovaci\u00f3n de autoridades, una n\u00f3mina que tendr\u00e1 al jefe del bloque de diputados del Frente de Todos, M\u00e1ximo Kirchner, como presidente partidario, acompa\u00f1ado por intendentes, ministros de los gabinetes nacional y provincial, sindicalistas nucleados en las distintas centrales obreras y dirigentes camporistas.<\/p>\n\n\n\n<p class=\"wp-block-paragraph\">\u00abEs una propuesta de consenso, resultado de la unidad de los distintos sectores del peronismo bonaerense\u00bb, indic\u00f3 el partido y destac\u00f3 que la n\u00f3mina \u00abexpresa tambi\u00e9n un marco de pluralidad al incluir representaci\u00f3n de las distintas corrientes del movimiento popular, los intendentes del Conurbano y el interior provincial, la juventud, el movimiento obrero y referentes territoriales\u00bb.<\/p>\n\n\n\n<p class=\"wp-block-paragraph\">Adem\u00e1s, el peronismo provincial resalt\u00f3 que la nueva n\u00f3mina, que se encamina a la proclamaci\u00f3n fijada para el 2 de mayo, es \u00abparitaria\u00bb porque \u00abel g\u00e9nero se aborda como en forma transversal, con participaci\u00f3n igualitaria de candidatas mujeres y representaci\u00f3n de las diversidades en los distintos \u00e1mbitos de representaci\u00f3n\u00bb.<\/p>\n\n\n\n<p class=\"wp-block-paragraph\">Forman parte de la n\u00f3mina los ministros Gabriel Katopodis (Obras P\u00fablicas) y Jorge Ferraresi (Desarrollo Territorial y H\u00e1bitat), adem\u00e1s de la ministra de Gobierno provincial, Teresa Garc\u00eda, y la vicegobernadora bonaerense Ver\u00f3nica Magario, entre otros funcionarios.<\/p>\n\n\n\n<p class=\"wp-block-paragraph\">Por la Tercera Secci\u00f3n electoral, que comprende el sur del Conurbano, figuran Mart\u00edn Insaurralde, Fernando Espinoza -intendentes de Lomas de Zamora y la Matanza, respectivamente-, Dulce Granados, Mariano Cascallares y Marisa Fassi -jefes comunales de Almirante Brown y Ca\u00f1uelas-, adem\u00e1s de Ferraresi, mientras que por la Primera secci\u00f3n se anotan los alcaldes Leo Nardini (Malvinas Argentinas), Mariel Fern\u00e1ndez (Moreno) y Juan Zabaleta (Hurligham), adem\u00e1s de Katopodis y Santiago R\u00e9vora.<\/p>\n\n\n\n<p class=\"wp-block-paragraph\">Por la rama femenina fueron inscriptas la intendenta de Quilmes, Mayra Mendoza; Karina Men\u00e9ndez, Juliana Di Tulio y Liliana Schwint, adem\u00e1s de Magario, y por la rama sindical pusieron su r\u00fabrica Esteban Sanzio, Vanesa Siley, Omar Plaini, Humberto Bertinat y Walter Correa.<\/p>\n\n\n\n<p class=\"wp-block-paragraph\">En este proceso el PJ Bonaerense debe elegir cuatro consejeros titulares y dos suplentes por cada una de las ocho secciones electorales, aunque \u00abdespu\u00e9s del primer congreso partidario post elecci\u00f3n los dos suplentes se convertir\u00edan en titulares, ascendiendo as\u00ed a seis los consejeros titulares por secci\u00f3n\u00bb, indic\u00f3 a T\u00e9lam una fuente partidaria.<\/p>\n\n\n\n<p class=\"wp-block-paragraph\">Completan el acuerdo de unidad, por la rama de la juventud, Ayel\u00e9n L\u00f3pez, Macarena Kunkel, Amira Curi, Mar\u00eda Marta Guerra y Tom\u00e1s Bozzano.<\/p>\n\n\n\n<p class=\"wp-block-paragraph\">Los consejeros del resto de las secciones electorales son: por la Cuarta, Walter Torchio, Mar\u00eda Celia Gianini, Alberto Conocciari, Sol Fern\u00e1ndez, Germ\u00e1n Lago y Pablo Zurro, mientras que por la Quinta fueron inscriptos Fernanda Raverta, Juan Pablo De Jes\u00fas, Gustavo Barrera, Andrea C\u00e1ceres, Jorge Paredi y Marcela Basualdo.<\/p>\n\n\n\n<p class=\"wp-block-paragraph\">Por la Sexta, en tanto, figuran Alejandro Di Chiara, Alejandro Acerbo, Ayel\u00e9n Dur\u00e1n, Marcelo Santill\u00e1n, N\u00e9stor \u00c1lvarez y Marisol Merkel, y por la S\u00e9ptima fueron anotados Juan Carlos Gasparini, Hern\u00e1n Ralinqueo, Laura Aloisi, Guillermo Santell\u00e1n, Agustina Rubio y Mar\u00eda Manzini.<\/p>\n\n\n\n<p class=\"wp-block-paragraph\">Por \u00faltimo, por la Octava Secci\u00f3n, que comprende a la ciudad de La Plata, asumir\u00e1n como consejeros Florencia Saintout, Julio Alak, Victoria Tolosa Paz, Andr\u00e9s Larroque, Gabriel Bruera y Nancy Beatriz Riquelme.<\/p>\n\n\n\n<p class=\"wp-block-paragraph\">El intendente de Esteban Echeverr\u00eda y vicepresidente del PJ bonaerense, Fernando Gray, se mantuvo fuera de este armado, al solicitar por v\u00eda judicial que se respeten los mandatos vigentes, que vencen el 17 de diciembre de este a\u00f1o y que quedar\u00edan truncos por la elecci\u00f3n que se convoc\u00f3 para mayo.<\/p>\n\n\n\n<p class=\"wp-block-paragraph\">La lista de M\u00e1ximo Kirchner se presenta como una n\u00f3mina de unidad, aunque en las \u00faltimos d\u00edas se anot\u00f3 en la contienda el empresario Alberto Samid, cuya lista deber\u00e1 ser aprobada ahora por la Junta Electoral partidaria.<\/p>\n\n\n\n<h3 class=\"wp-block-heading\">La lista completa<\/h3>\n\n\n\n<p class=\"wp-block-paragraph\">Sindical<\/p>\n\n\n\n<ol class=\"wp-block-list\"><li>Esteban Sanzio<\/li><li>Vanesa Siley<\/li><li>Omar Plaini<\/li><li>Humberto Bertinat<\/li><li>Walter Correa<\/li><li>Cecilia Cechini<\/li><li>Sergio Oyhamburu<\/li><li>Laura Baeatriz Borbato<\/li><\/ol>\n\n\n\n<p class=\"wp-block-paragraph\">Mujer<\/p>\n\n\n\n<ol class=\"wp-block-list\"><li>Mayra Mendoza<\/li><li>Ver\u00f3nica Magario<\/li><li>Karina Men\u00e9ndez<\/li><li>Juliana Di Tulio<\/li><li>Liliana Schwint<\/li><li>Fabiana Bertino<\/li><li>Claudia V\u00e1squez Haro<\/li><li>Gisela Centomo<\/li><\/ol>\n\n\n\n<p class=\"wp-block-paragraph\">Juventud<\/p>\n\n\n\n<ol class=\"wp-block-list\"><li>Ayel\u00e9n L\u00f3pez<\/li><li>Macarena Kunkel<\/li><li>Amira Curi<\/li><li>Mar\u00eda Marta Guerra<\/li><li>Tom\u00e1s Bozzano<\/li><li>Jos\u00e9 Gallafent<\/li><li>Roc\u00edo Caballero<\/li><li>Aldana Benetti<\/li><\/ol>\n\n\n\n<p class=\"wp-block-paragraph\">Primera<\/p>\n\n\n\n<ol class=\"wp-block-list\"><li>Gabriel Katopodis<\/li><li>Teresa Garc\u00eda<\/li><li>Leo Nardini<\/li><li>Mariel Fern\u00e1ndez<\/li><li>Juan Zabaleta<\/li><li>Santiago R\u00e9vora<\/li><\/ol>\n\n\n\n<p class=\"wp-block-paragraph\">Segunda<\/p>\n\n\n\n<ol class=\"wp-block-list\"><li>Ricardo Casi<\/li><li>Iv\u00e1n Villagr\u00e1n<\/li><li>Abel Furl\u00e1n<\/li><li>Marina Moretti<\/li><li>Muriel Engelbrecht<\/li><li>Francisco Dura\u00f1ona<\/li><\/ol>\n\n\n\n<p class=\"wp-block-paragraph\">Tercera<\/p>\n\n\n\n<ol class=\"wp-block-list\"><li>Mart\u00edn Insaurralde<\/li><li>Fernando Espinoza<\/li><li>Dulce Granados<\/li><li>Jorge Ferraresi<\/li><li>Mariano Cascallares<\/li><li>Marisa Fassi<\/li><\/ol>\n\n\n\n<p class=\"wp-block-paragraph\">Cuarta<\/p>\n\n\n\n<ol class=\"wp-block-list\"><li>Walter Torchio<\/li><li>Mar\u00eda Celia Gianini<\/li><li>Alberto Conocciari<\/li><li>Sol Fern\u00e1ndez<\/li><li>Germ\u00e1n Lago<\/li><li>Pablo Zurro<\/li><\/ol>\n\n\n\n<p class=\"wp-block-paragraph\">Quinta<\/p>\n\n\n\n<ol class=\"wp-block-list\"><li>Fernanda Raverta<\/li><li>Juan Pablo De Jes\u00fas<\/li><li>Gustavo Barrera<\/li><li>Andrea C\u00e1ceres<\/li><li>Jorge Paredi<\/li><li>Marcela Basualdo<\/li><\/ol>\n\n\n\n<p class=\"wp-block-paragraph\">Sexta<\/p>\n\n\n\n<ol class=\"wp-block-list\"><li>Alejandro Di Chiara<\/li><li>Alejandro Acerbo<\/li><li>Ayel\u00e9n Dur\u00e1n<\/li><li>Marcelo Santill\u00e1n<\/li><li>N\u00e9stor \u00c1lvarez<\/li><li>Marisol Merkel<\/li><\/ol>\n\n\n\n<p class=\"wp-block-paragraph\">S\u00e9ptima<\/p>\n\n\n\n<ol class=\"wp-block-list\"><li>Juan Carlos Gasparini<\/li><li>Hern\u00e1n Ralinqueo<\/li><li>Laura Aloisi<\/li><li>Guillermo Santell\u00e1n<\/li><li>Agustina Rubio<\/li><li>Mar\u00eda Manzini<\/li><\/ol>\n\n\n\n<p class=\"wp-block-paragraph\">Octava<\/p>\n\n\n\n<ol class=\"wp-block-list\"><li>Florencia Saintout<\/li><li>Julio Alak<\/li><li>Victoria Tolosa Paz<\/li><li>Andr\u00e9s Larroque<\/li><li>Gabriel Bruera<\/li><li>Nancy Beatriz Riquelme<\/li><\/ol>\n","protected":false},"excerpt":{"rendered":"<p>El PJ<\/p>\n","protected":false},"author":1,"featured_media":39574,"comment_status":"open","ping_status":"open","sticky":false,"template":"","format":"standard","meta":{"footnotes":""},"categories":[1,5],"tags":[],"class_list":["post-1716","post","type-post","status-publish","format-standard","has-post-thumbnail","hentry","category-destacados","category-provincia"],"_links":{"self":[{"href":"https:\/\/panoramadelsur.com.ar\/index.php?rest_route=\/wp\/v2\/posts\/1716","targetHints":{"allow":["GET"]}}],"collection":[{"href":"https:\/\/panoramadelsur.com.ar\/index.php?rest_route=\/wp\/v2\/posts"}],"about":[{"href":"https:\/\/panoramadelsur.com.ar\/index.php?rest_route=\/wp\/v2\/types\/post"}],"author":[{"embeddable":true,"href":"https:\/\/panoramadelsur.com.ar\/index.php?rest_route=\/wp\/v2\/users\/1"}],"replies":[{"embeddable":true,"href":"https:\/\/panoramadelsur.com.ar\/index.php?rest_route=%2Fwp%2Fv2%2Fcomments&post=1716"}],"version-history":[{"count":1,"href":"https:\/\/panoramadelsur.com.ar\/index.php?rest_route=\/wp\/v2\/posts\/1716\/revisions"}],"predecessor-version":[{"id":1717,"href":"https:\/\/panoramadelsur.com.ar\/index.php?rest_route=\/wp\/v2\/posts\/1716\/revisions\/1717"}],"wp:featuredmedia":[{"embeddable":true,"href":"https:\/\/panoramadelsur.com.ar\/index.php?rest_route=\/wp\/v2\/media\/39574"}],"wp:attachment":[{"href":"https:\/\/panoramadelsur.com.ar\/index.php?rest_route=%2Fwp%2Fv2%2Fmedia&parent=1716"}],"wp:term":[{"taxonomy":"category","embeddable":true,"href":"https:\/\/panoramadelsur.com.ar\/index.php?rest_route=%2Fwp%2Fv2%2Fcategories&post=1716"},{"taxonomy":"post_tag","embeddable":true,"href":"https:\/\/panoramadelsur.com.ar\/index.php?rest_route=%2Fwp%2Fv2%2Ftags&post=1716"}],"curies":[{"name":"wp","href":"https:\/\/api.w.org\/{rel}","templated":true}]}}