{"id":1779,"date":"2021-03-19T01:18:00","date_gmt":"2021-03-19T01:18:00","guid":{"rendered":"http:\/\/panoramadelsur.com.ar\/?p=1779"},"modified":"2021-03-19T10:20:04","modified_gmt":"2021-03-19T10:20:04","slug":"el-gobierno-bonaerense-convocara-a-paritarias-a-los-medicos-la-proxima-semana","status":"publish","type":"post","link":"https:\/\/panoramadelsur.com.ar\/?p=1779","title":{"rendered":"El Gobierno bonaerense convocar\u00e1 a paritarias a los m\u00e9dicos la pr\u00f3xima semana"},"content":{"rendered":"\n<p>La ministra de Trabajo bonaerense, Mara Ruiz Malec, recibi\u00f3 a la nueva conducci\u00f3n de la Asociaci\u00f3n Sindical de Profesionales de la Salud de la Provincia de Buenos Aires (Cicop) y adelant\u00f3 que la \u00absemana que viene\u00bb se convocar\u00e1 al sector a una reuni\u00f3n paritaria.<\/p>\n\n\n\n<p>La funcionaria se reuni\u00f3 esta semana con la nueva conducci\u00f3n del gremio para analizar la situaci\u00f3n del sector de los profesionales de la salud en la provincia, y delinear una agenda de trabajo en 2021.<\/p>\n\n\n\n<p>Al t\u00e9rmino del encuentro Ruiz Malec destac\u00f3 la coincidencia de objetivos comunes con la organizaci\u00f3n sindical y dijo que desde el Poder Ejecutivo se recepcionaron las problem\u00e1ticas transmitidas porque \u00abel norte es mejorar la calidad de los puestos de trabajo del sector profesional de la salud\u201d.<\/p>\n\n\n\n<p>\u00abPor esto mismo, la semana pr\u00f3xima los convocaremos a una paritaria sectorial\u00bb, agreg\u00f3.<\/p>\n\n\n\n<p>En tanto, el nuevo titular de la entidad, Pablo Maciel, expuso que desde el gremio se acerc\u00f3 su agenda de demandas, \u00abentre las que se encuentra la recomposici\u00f3n salarial para los trabajadores de la salud\u00bb.<\/p>\n\n\n\n<p>\u00abAdem\u00e1s, una de nuestras principales preocupaciones es destrabar la situaci\u00f3n previsional, que lleva una demora de cinco a\u00f1os. En ese sentido, nos pusimos de acuerdo r\u00e1pidamente en armar una mesa con los ministerios de Trabajo y Salud, el IPS y nuestro sindicato\u00bb, concluy\u00f3.<\/p>\n","protected":false},"excerpt":{"rendered":"<p>La ministra<\/p>\n","protected":false},"author":1,"featured_media":39574,"comment_status":"open","ping_status":"open","sticky":false,"template":"","format":"standard","meta":{"footnotes":""},"categories":[5],"tags":[],"class_list":["post-1779","post","type-post","status-publish","format-standard","has-post-thumbnail","hentry","category-provincia"],"_links":{"self":[{"href":"https:\/\/panoramadelsur.com.ar\/index.php?rest_route=\/wp\/v2\/posts\/1779","targetHints":{"allow":["GET"]}}],"collection":[{"href":"https:\/\/panoramadelsur.com.ar\/index.php?rest_route=\/wp\/v2\/posts"}],"about":[{"href":"https:\/\/panoramadelsur.com.ar\/index.php?rest_route=\/wp\/v2\/types\/post"}],"author":[{"embeddable":true,"href":"https:\/\/panoramadelsur.com.ar\/index.php?rest_route=\/wp\/v2\/users\/1"}],"replies":[{"embeddable":true,"href":"https:\/\/panoramadelsur.com.ar\/index.php?rest_route=%2Fwp%2Fv2%2Fcomments&post=1779"}],"version-history":[{"count":1,"href":"https:\/\/panoramadelsur.com.ar\/index.php?rest_route=\/wp\/v2\/posts\/1779\/revisions"}],"predecessor-version":[{"id":1780,"href":"https:\/\/panoramadelsur.com.ar\/index.php?rest_route=\/wp\/v2\/posts\/1779\/revisions\/1780"}],"wp:featuredmedia":[{"embeddable":true,"href":"https:\/\/panoramadelsur.com.ar\/index.php?rest_route=\/wp\/v2\/media\/39574"}],"wp:attachment":[{"href":"https:\/\/panoramadelsur.com.ar\/index.php?rest_route=%2Fwp%2Fv2%2Fmedia&parent=1779"}],"wp:term":[{"taxonomy":"category","embeddable":true,"href":"https:\/\/panoramadelsur.com.ar\/index.php?rest_route=%2Fwp%2Fv2%2Fcategories&post=1779"},{"taxonomy":"post_tag","embeddable":true,"href":"https:\/\/panoramadelsur.com.ar\/index.php?rest_route=%2Fwp%2Fv2%2Ftags&post=1779"}],"curies":[{"name":"wp","href":"https:\/\/api.w.org\/{rel}","templated":true}]}}