{"id":1882,"date":"2021-03-19T19:26:18","date_gmt":"2021-03-19T19:26:18","guid":{"rendered":"http:\/\/panoramadelsur.com.ar\/?p=1882"},"modified":"2021-03-19T19:26:22","modified_gmt":"2021-03-19T19:26:22","slug":"entregaron-43-certificados-de-habilitaciones-comerciales","status":"publish","type":"post","link":"https:\/\/panoramadelsur.com.ar\/?p=1882","title":{"rendered":"Entregaron 43 certificados de habilitaciones comerciales"},"content":{"rendered":"\n<p class=\"wp-block-paragraph\">La intendenta de Quilmes, Mayra Mendoza, encabez\u00f3 ayer la 2\u00aa edici\u00f3n de la entrega de Certificados de Habilitaciones Comerciales a 43 comerciantes de San Francisco Solano, Ezpeleta, Bernal y Quilmes Centro.<\/p>\n\n\n\n<p class=\"wp-block-paragraph\">\u201cHicimos entrega de habilitaciones a comerciantes de distintas localidades de Quilmes. Gracias a la agilizaci\u00f3n de este tr\u00e1mite, logramos garantizar el cumplimiento de las normas de seguridad e higiene, mediante la aplicaci\u00f3n de un proceso de modernizaci\u00f3n y mejora administrativa. Desde el Municipio seguimos trabajando para aumentar la cantidad de establecimientos habilitados y regularizar los comercios e industrias de Quilmes, con el objetivo de lograr una gesti\u00f3n con transparencia, celeridad y cercan\u00eda\u201d, afirm\u00f3 Mayra, que estuvo acompa\u00f1ada por la secretaria de la Agencia de Fiscalizaci\u00f3n y Control Comunal local, Alejandra Cordeiro.<\/p>\n\n\n\n<p class=\"wp-block-paragraph\">En esta l\u00ednea, Cordeiro se\u00f1al\u00f3: \u201cHoy volvimos a entregar certificados de habilitaci\u00f3n y es un orgullo poder hacerlo, ya que adem\u00e1s de darle al comerciante su n\u00famero de cuenta corriente y que tengan una identidad dentro del distrito, les da la tranquilidad a las y los vecinos de que ese comercio est\u00e1 cumpliendo con las normas de seguridad e higiene. Es un proceso que en las anteriores gestiones llevaba mucho tiempo y hoy, gracias a que el Municipio certific\u00f3 con normas ISO y a la labor de todas y todos los trabajadores de la Agencia podemos hacer el tr\u00e1mite en menos de dos meses\u201d.<\/p>\n\n\n\n<p class=\"wp-block-paragraph\">Las habilitaciones comerciales son muy importantes, ya que son sin\u00f3nimo de confiabilidad y transparencia para los vecinos y las vecinas de Quilmes. Adem\u00e1s, la habilitaci\u00f3n garantiza el cumplimiento de las normas de higiene y seguridad vigentes en la ciudad.<\/p>\n\n\n\n<p class=\"wp-block-paragraph\">Durante el a\u00f1o 2020 las solicitudes de bajas y altas de habilitaciones se mantuvieron parejas, 58% vs. 42%. Con 3.073 solicitudes de baja durante la gesti\u00f3n anterior solo se resolvieron 331. La actual administraci\u00f3n hered\u00f3 las restantes 2.841, de las cuales unas 500 bajas se resolvieron en los primeros meses de gesti\u00f3n. En esta misma l\u00ednea de compromiso asumido con los quilme\u00f1os y quilme\u00f1as, se logr\u00f3 reducir el tiempo de entrega de las habilitaciones comerciales de un promedio de 15 meses durante el gobierno de Cambiemos, a un promedio de 2 meses en la actualidad.<\/p>\n\n\n\n<p class=\"wp-block-paragraph\">En este marco, al inicio de la gesti\u00f3n se asumi\u00f3 el desaf\u00edo de obtener el certificado IRAM &#8211; ISO 9001:2015 como garant\u00eda de transparencia y calidad en la que el consumidor conf\u00eda. Desde el 27 de noviembre de 2020, Quilmes ya cuenta con la certificaci\u00f3n del proceso de habilitaciones de comercio e industria. As\u00ed, se contin\u00faa con la tarea de alcanzar un nivel de excelencia bajo est\u00e1ndares de control internacional, mediante la aplicaci\u00f3n de un proceso de mejora continua, modernizaci\u00f3n, capacitaci\u00f3n y mejoramiento administrativo para toda la Agencia de Fiscalizaci\u00f3n y Control Comunal.<\/p>\n\n\n\n<p class=\"wp-block-paragraph\">Por su parte, los comerciantes mostraron su satisfacci\u00f3n por la habilitaci\u00f3n conseguida y coincidieron en la rapidez del tr\u00e1mite para obtenerla. Yisela Cerrillo, de Galletodo-El Pola, frente a la estaci\u00f3n de Ezpeleta, destac\u00f3: \u201cla atenci\u00f3n de la Municipalidad fue muy buena y a pesar de empezar los tr\u00e1mites en plena pandemia, fue todo r\u00e1pido. Tengo una felicidad muy grande\u201d. En tanto, Juan Pablo Furdas, de Librer\u00eda Del Centro, de Alem 290, Quilmes, asegur\u00f3: \u201cEl tr\u00e1mite fue simple y sencillo. Agradezco a la Intendenta y a la parte de habilitaciones de la Municipalidad\u201d. Por \u00faltimo, Maximiliano Giliberti, de Korner Ice Cream (Moreno y Col\u00f3n, Quilmes), expres\u00f3: \u201cEn octubre iniciamos el tr\u00e1mite y hoy ya tenemos el certificado. Encontramos mucha predisposici\u00f3n en la gente del Municipio y estoy muy contento por tener la habilitaci\u00f3n\u201d.<\/p>\n\n\n\n<p class=\"wp-block-paragraph\">En tanto, como parte de la modernizaci\u00f3n tecnol\u00f3gica del Municipio, el nuevo sistema de turnos web se convirti\u00f3 en un gran avance en el tiempo de gesti\u00f3n de los tr\u00e1mites de habilitaciones comerciales y de industrias facilitando la comunicaci\u00f3n y asesoramiento a los contribuyentes que quieren evacuar dudas y\/o consultas.<\/p>\n\n\n\n<p class=\"wp-block-paragraph\">Tambi\u00e9n particip\u00f3 de la actividad el Subsecretario de Habilitaciones local, Juan Manuel Castro, y otros funcionarios de la AFyCC.<\/p>\n","protected":false},"excerpt":{"rendered":"<p>La intendenta<\/p>\n","protected":false},"author":1,"featured_media":39574,"comment_status":"open","ping_status":"open","sticky":false,"template":"","format":"standard","meta":{"footnotes":""},"categories":[2],"tags":[],"class_list":["post-1882","post","type-post","status-publish","format-standard","has-post-thumbnail","hentry","category-quilmes"],"_links":{"self":[{"href":"https:\/\/panoramadelsur.com.ar\/index.php?rest_route=\/wp\/v2\/posts\/1882","targetHints":{"allow":["GET"]}}],"collection":[{"href":"https:\/\/panoramadelsur.com.ar\/index.php?rest_route=\/wp\/v2\/posts"}],"about":[{"href":"https:\/\/panoramadelsur.com.ar\/index.php?rest_route=\/wp\/v2\/types\/post"}],"author":[{"embeddable":true,"href":"https:\/\/panoramadelsur.com.ar\/index.php?rest_route=\/wp\/v2\/users\/1"}],"replies":[{"embeddable":true,"href":"https:\/\/panoramadelsur.com.ar\/index.php?rest_route=%2Fwp%2Fv2%2Fcomments&post=1882"}],"version-history":[{"count":1,"href":"https:\/\/panoramadelsur.com.ar\/index.php?rest_route=\/wp\/v2\/posts\/1882\/revisions"}],"predecessor-version":[{"id":1884,"href":"https:\/\/panoramadelsur.com.ar\/index.php?rest_route=\/wp\/v2\/posts\/1882\/revisions\/1884"}],"wp:featuredmedia":[{"embeddable":true,"href":"https:\/\/panoramadelsur.com.ar\/index.php?rest_route=\/wp\/v2\/media\/39574"}],"wp:attachment":[{"href":"https:\/\/panoramadelsur.com.ar\/index.php?rest_route=%2Fwp%2Fv2%2Fmedia&parent=1882"}],"wp:term":[{"taxonomy":"category","embeddable":true,"href":"https:\/\/panoramadelsur.com.ar\/index.php?rest_route=%2Fwp%2Fv2%2Fcategories&post=1882"},{"taxonomy":"post_tag","embeddable":true,"href":"https:\/\/panoramadelsur.com.ar\/index.php?rest_route=%2Fwp%2Fv2%2Ftags&post=1882"}],"curies":[{"name":"wp","href":"https:\/\/api.w.org\/{rel}","templated":true}]}}