{"id":2122,"date":"2021-03-27T01:10:00","date_gmt":"2021-03-27T01:10:00","guid":{"rendered":"http:\/\/panoramadelsur.com.ar\/?p=2122"},"modified":"2021-03-27T02:07:23","modified_gmt":"2021-03-27T02:07:23","slug":"remodelaron-la-plazoleta-jose-enrique-hennig","status":"publish","type":"post","link":"https:\/\/panoramadelsur.com.ar\/?p=2122","title":{"rendered":"Remodelaron la plazoleta \u00abJos\u00e9 Enrique Hennig\u00bb"},"content":{"rendered":"\n<p class=\"wp-block-paragraph\"><strong>El intendente de Berazategui, Juan Jos\u00e9 Mussi, particip\u00f3 del acto de puesta en valor de la Plazoleta \u201cJos\u00e9 Enrique Hennig\u201d (Av. 7 entre 130 y 131) que llev\u00f3 a cabo la Municipalidad de Berazategui, en articulaci\u00f3n con el Movimiento de Unidad Popular (MUP). Adem\u00e1s, junto a referentes locales y nacionales del MUP, qued\u00f3 inaugurado el primer piso del Centro Cultural de ese Movimiento social, que est\u00e1 ubicado frente al espacio verde.<\/strong><\/p>\n\n\n\n<p class=\"wp-block-paragraph\">En ese contexto, Juan Jos\u00e9 Mussi afirm\u00f3: \u201cVamos a seguir homenajeando a los h\u00e9roes an\u00f3nimos. Esos vecinos que trabajaron incansablemente por su barrio. Porque esto tambi\u00e9n es memoria, verdad y justicia\u201d. Y agreg\u00f3: \u201cCada vez que pasaba por este lugar sent\u00eda pena de que estuviera un poco dejado. Hasta que, entre los compa\u00f1eros del MUP y el Municipio, decidimos ponerlo m\u00e1s lindo y al servicio de la gente. Muchas gracias por eso\u201d.<\/p>\n\n\n\n<p class=\"wp-block-paragraph\">Por su parte, el secretario nacional del MUP, Federico Marteli, subray\u00f3: \u201cEsta plazoleta, este Centro cultural y todo lo que estamos haciendo es para hacer de nuestra Patria un lugar m\u00e1s justo. Felicitaciones compa\u00f1eros y Juan Jos\u00e9 (Mussi), por este Municipio ejemplo que deber\u00eda ser estudiado en toda la Argentina\u201d.<\/p>\n\n\n\n<p class=\"wp-block-paragraph\">En la puesta en valor de la plazoleta que lleva el nombre de Jos\u00e9 Enrique Hennig, uno de los primeros vecinos del barrio, intervino la Secretar\u00eda de Gobierno municipal, junto a otras \u00e1reas, con la colaboraci\u00f3n del MUP. Las mejoras realizadas incluyeron trabajos de pintura, reparaci\u00f3n de bancos, instalaci\u00f3n de juegos, canteros, aparatos de gimnasia y parquizaci\u00f3n. Adem\u00e1s, se realiz\u00f3 la plantaci\u00f3n de un \u00e1rbol como parte del proyecto \u00abPlantamos Memoria\u201d, en el marco del D\u00eda Nacional de la Memoria por la Verdad y la Justicia.<\/p>\n\n\n\n<p class=\"wp-block-paragraph\">Al respecto, el secretario de Gobierno, Antonio Amarilla, asegur\u00f3: \u201cEsta puesta en valor es parte de las tareas habituales que hacemos por decisi\u00f3n del intendente Juan Jos\u00e9 Mussi y en conjunto con todas las Secretar\u00edas, Movimientos sociales, Sociedades de fomento, Clubes y vecinos, con el objetivo de embellecer la ciudad\u201d.<\/p>\n\n\n\n<p class=\"wp-block-paragraph\">Por otro lado, el flamante primer piso del Centro Cultural del MUP est\u00e1 comprendido por una oficina administrativa y un espacio amplio donde -en un futuro cercano- funcionar\u00e1 una panader\u00eda comunitaria, financiada a trav\u00e9s del Programa \u201cManos a la Obra\u201d, dependiente del Ministerio de Desarrollo Social de la Naci\u00f3n.<\/p>\n","protected":false},"excerpt":{"rendered":"<p>El intendente<\/p>\n","protected":false},"author":1,"featured_media":39574,"comment_status":"open","ping_status":"open","sticky":false,"template":"","format":"standard","meta":{"footnotes":""},"categories":[3],"tags":[],"class_list":["post-2122","post","type-post","status-publish","format-standard","has-post-thumbnail","hentry","category-regionales"],"_links":{"self":[{"href":"https:\/\/panoramadelsur.com.ar\/index.php?rest_route=\/wp\/v2\/posts\/2122","targetHints":{"allow":["GET"]}}],"collection":[{"href":"https:\/\/panoramadelsur.com.ar\/index.php?rest_route=\/wp\/v2\/posts"}],"about":[{"href":"https:\/\/panoramadelsur.com.ar\/index.php?rest_route=\/wp\/v2\/types\/post"}],"author":[{"embeddable":true,"href":"https:\/\/panoramadelsur.com.ar\/index.php?rest_route=\/wp\/v2\/users\/1"}],"replies":[{"embeddable":true,"href":"https:\/\/panoramadelsur.com.ar\/index.php?rest_route=%2Fwp%2Fv2%2Fcomments&post=2122"}],"version-history":[{"count":1,"href":"https:\/\/panoramadelsur.com.ar\/index.php?rest_route=\/wp\/v2\/posts\/2122\/revisions"}],"predecessor-version":[{"id":2124,"href":"https:\/\/panoramadelsur.com.ar\/index.php?rest_route=\/wp\/v2\/posts\/2122\/revisions\/2124"}],"wp:featuredmedia":[{"embeddable":true,"href":"https:\/\/panoramadelsur.com.ar\/index.php?rest_route=\/wp\/v2\/media\/39574"}],"wp:attachment":[{"href":"https:\/\/panoramadelsur.com.ar\/index.php?rest_route=%2Fwp%2Fv2%2Fmedia&parent=2122"}],"wp:term":[{"taxonomy":"category","embeddable":true,"href":"https:\/\/panoramadelsur.com.ar\/index.php?rest_route=%2Fwp%2Fv2%2Fcategories&post=2122"},{"taxonomy":"post_tag","embeddable":true,"href":"https:\/\/panoramadelsur.com.ar\/index.php?rest_route=%2Fwp%2Fv2%2Ftags&post=2122"}],"curies":[{"name":"wp","href":"https:\/\/api.w.org\/{rel}","templated":true}]}}