{"id":2137,"date":"2021-03-27T04:31:13","date_gmt":"2021-03-27T04:31:13","guid":{"rendered":"http:\/\/panoramadelsur.com.ar\/?p=2137"},"modified":"2021-03-27T04:31:15","modified_gmt":"2021-03-27T04:31:15","slug":"diputados-aprobara-una-reforma-a-ganancias-para-beneficiar-a-un-millon-de-trabajadores","status":"publish","type":"post","link":"https:\/\/panoramadelsur.com.ar\/?p=2137","title":{"rendered":"Diputados aprobar\u00e1 una reforma a Ganancias para beneficiar a un mill\u00f3n de trabajadores"},"content":{"rendered":"\n<p class=\"wp-block-paragraph\">La C\u00e1mara de Diputados sancionar\u00e1, en una sesi\u00f3n especial, el proyecto de reforma al Impuesto a las Ganancias que beneficiar\u00e1 a m\u00e1s de un mill\u00f3n de trabajadores que quedar\u00e1n exento del pago de ese tributo.<\/p>\n\n\n\n<p class=\"wp-block-paragraph\">El temario de la primera reuni\u00f3n de plenario del cuerpo legislativo tambi\u00e9n contempla el tratamiento del proyecto para establecer la ense\u00f1anza ambiental en los colegios de todo el pa\u00eds, y una iniciativa que actualiza la ley del dopaje en el deporte.<\/p>\n\n\n\n<p class=\"wp-block-paragraph\">Si bien inicialmente la cantidad de temas a tratar eran cuatro, el oficialismo decidi\u00f3 postergar hasta la pr\u00f3xima sesi\u00f3n la reforma del r\u00e9gimen de Monotributo, de manera de reducir la extensi\u00f3n de la sesi\u00f3n ya que el impuesto a las Ganancias demandar\u00e1 mas de diez horas de debate.<\/p>\n\n\n\n<p class=\"wp-block-paragraph\">La decisi\u00f3n fue adoptada en una reuni\u00f3n que mantuvieron ayer el presidente del bloque del oficialismo, M\u00e1ximo Kirchner, la vicepresidenta Cecilia Moreau, la secretaria parlamentaria, Cristina \u00c1lvarez Rodr\u00edguez, y el titular de la Comisi\u00f3n de Presupuesto Carlos Heller, informaron fuentes del oficialismo.<\/p>\n\n\n\n<p class=\"wp-block-paragraph\">En el encuentro tambi\u00e9n se evaluaron algunas modificaciones que se podr\u00edan incluir en el debate en particular del proyecto, agregaron los voceros.<\/p>\n\n\n\n<p class=\"wp-block-paragraph\">La sesi\u00f3n especial convocada por el presidente del bloque de diputados del Frente de Todos, M\u00e1ximo Kirchner, fue citada para las 11, y se estima que ser\u00e1 un debate marat\u00f3nico que se extender\u00eda por espacio de 14 horas.<\/p>\n\n\n\n<p class=\"wp-block-paragraph\">La de este s\u00e1bado ser\u00e1 la primera sesi\u00f3n ordinaria del a\u00f1o, que tendr\u00e1 como dato inusual que se realizar\u00e1 un s\u00e1bado, una situaci\u00f3n que no suced\u00eda desde el 5 de enero de 2002, cuando se aprob\u00f3 la derogaci\u00f3n parcial de la Ley de Convertibilidad que establec\u00eda la paridad entre el d\u00f3lar y el peso.<\/p>\n\n\n\n<p class=\"wp-block-paragraph\">Otro dato de la sesi\u00f3n es que contar\u00e1 en los palcos de invitados con la presencia de los ministros de Econom\u00eda, Mart\u00edn Guzm\u00e1n; de Medio Ambiente, Juan Cabandie; y la titular de la AFIP, Mercedes Marco del Pont, anticiparon fuentes del oficialismo.<\/p>\n\n\n\n<p class=\"wp-block-paragraph\">Tambi\u00e9n asistir\u00e1n representantes de la CGT, la CTA y de la Corriente Federal, para lo que desde el jueves la c\u00e1mara ya est\u00e1 coordinando para realizar los testeos correspondientes a fin de cumplir con el protocolo sanitario.<\/p>\n\n\n\n<p class=\"wp-block-paragraph\">La sesi\u00f3n especial se realizar\u00e1 bajo una modalidad mixta a partir de un acuerdo de Protocolo de Funcionamiento, en el que se prev\u00e9 una actividad presencial en el recinto, con excepci\u00f3n de los grupos de riesgo, que lo podr\u00e1n hacer de manera remota, y la votaci\u00f3n se realizar\u00e1 a trav\u00e9s del sistema VPN.<\/p>\n\n\n\n<p class=\"wp-block-paragraph\">El primer tramo de la deliberaci\u00f3n de la sesi\u00f3n se destinar\u00e1 a cuestiones de privilegio y, all\u00ed, se desatar\u00e1n los contrapuntos entre el oficialismo y la oposici\u00f3n sobre la situaci\u00f3n en Formosa, y el plan de vacunaci\u00f3n que instrumenta el Gobierno nacional para inmunizar a la poblaci\u00f3n contra el coronavirus.<\/p>\n\n\n\n<p class=\"wp-block-paragraph\">La sesi\u00f3n comenzar\u00e1 con el debate de los proyectos sobre educaci\u00f3n ambiental y sobre una actualizaci\u00f3n de la ley de doping en el deporte.<\/p>\n\n\n\n<p class=\"wp-block-paragraph\">Posteriormente se abordar\u00e1 el principal tema del debate que ser\u00e1 el dictamen de la comisiones de Presupuesto y Hacienda y de Legislaci\u00f3n del Trabajo que reforma el art\u00edculo 30 para aumentar la deducci\u00f3n especial a partir del cual se calcula el impuesto a las Ganancias, con el fin de que no paguen ese gravamen los trabajadores que cobren hasta 150 mil pesos brutos.<\/p>\n\n\n\n<p class=\"wp-block-paragraph\">Esta medida beneficiar\u00e1 a 1.267.000 personas, entre trabajadores y jubilados, con lo cual quedar\u00e1n exentos el 93% de los trabajadores.<\/p>\n\n\n\n<p class=\"wp-block-paragraph\">El debate ser\u00e1 abierto por los presidentes de las comisiones de Presupuesto y Hacienda, Carlos Heller, y de Legislaci\u00f3n del Trabajo, Vanesa Siley, quienes expondr\u00e1n los principales aspectos del dictamen que fue firmado en general por todas las fuerzas pol\u00edticas.<\/p>\n\n\n\n<p class=\"wp-block-paragraph\">El proyecto fue apoyado por el Frente de Todos, los interbloques Federal y Unidad Federal para el Desarrollo, Acci\u00f3n Federal, Movimiento Popular Neuquino y Juntos por el Cambio, que present\u00f3 disidencias parciales.<\/p>\n\n\n\n<p class=\"wp-block-paragraph\">Posteriormente a los discursos de los miembros de la mayor\u00eda hablar\u00e1n los expositores de cada bloque pol\u00edtico, y luego ser\u00e1 el turno de los discursos individuales para completar los casi noventa oradores que se anotaron para participar del debate.<\/p>\n\n\n\n<p class=\"wp-block-paragraph\">El despacho contempla adem\u00e1s excluir del c\u00e1lculo del impuesto el pago del aguinaldo cuando se trate de salarios de hasta $150.000 brutos y jubilados que perciban hasta ocho haberes m\u00ednimos, y la deducci\u00f3n por concubino.<\/p>\n\n\n\n<p class=\"wp-block-paragraph\">Tambi\u00e9n se sum\u00f3 una deducci\u00f3n por gastos de guarder\u00eda hasta los tres a\u00f1os con un monto anual de hasta 67.400 pesos, y por elementos de trabajo o capacitaci\u00f3n.<\/p>\n\n\n\n<p class=\"wp-block-paragraph\">La ley que se buscar\u00e1 convertir en ley en la primera semana de abril se aplicar\u00e1 desde el 1 de enero, y el Gobierno contempla devolver los descuentos que se han realizado a los asalariados que quedar\u00e1n exentos de ese tributo.<\/p>\n\n\n\n<p class=\"wp-block-paragraph\">Adem\u00e1s, se establece que los asalariados que perciben entre 150 mil pesos y 173 mil pesos tendr\u00e1n una deducci\u00f3n especial para que no terminen cobrando m\u00e1s dinero aquellos que est\u00e1n eximidos de pagar el impuesto a las Ganancias, para lo cual la norma prev\u00e9 facultades especificas para poder corregir esa situaci\u00f3n.<\/p>\n\n\n\n<p class=\"wp-block-paragraph\">El proyecto de Monotributo que se discutir\u00e1 en la pr\u00f3xima sesi\u00f3n tambi\u00e9n demandar\u00e1 un extenso debate ya que se hab\u00eda previsto que estaban anotados unos 70 legisladores y por ese motivo se decidi\u00f3 posponer para la pr\u00f3xima reuni\u00f3n del pleno del cuerpo, agregaron los voceros.<\/p>\n\n\n\n<p class=\"wp-block-paragraph\">El dictamen tiene dos ejes centrales: por un lado la actualizaci\u00f3n de las categor\u00edas y la transici\u00f3n entre R\u00e9gimen Simplificado para Peque\u00f1os Contribuyentes (RS) y el R\u00e9gimen General (RG).<\/p>\n\n\n\n<p class=\"wp-block-paragraph\">A trav\u00e9s de la iniciativa, se contempla la actualizaci\u00f3n para las escalas y montos del monotributo correspondientes al per\u00edodo 2020, que comenzar\u00e1n a regir cuando se apruebe el proyecto.<\/p>\n\n\n\n<p class=\"wp-block-paragraph\">Para los casos de monotributistas cuya facturaci\u00f3n super\u00f3 el l\u00edmite m\u00e1s alto del r\u00e9gimen hasta un 25%, se contempla que puedan mantenerse en su actual condici\u00f3n durante el per\u00edodo fiscal 2021, mientras que el resto deber\u00e1 pasar al r\u00e9gimen general.<\/p>\n\n\n\n<p class=\"wp-block-paragraph\">De acuerdo con el texto, podr\u00e1n deducir adem\u00e1s en el primer a\u00f1o el 50 por ciento del importe que le corresponde pagar de IVA, el 30 por ciento en el segundo y el 10 por ciento en el tercer a\u00f1o.<\/p>\n","protected":false},"excerpt":{"rendered":"<p>La C\u00e1mara<\/p>\n","protected":false},"author":1,"featured_media":39574,"comment_status":"open","ping_status":"open","sticky":false,"template":"","format":"standard","meta":{"footnotes":""},"categories":[4],"tags":[],"class_list":["post-2137","post","type-post","status-publish","format-standard","has-post-thumbnail","hentry","category-nacionales"],"_links":{"self":[{"href":"https:\/\/panoramadelsur.com.ar\/index.php?rest_route=\/wp\/v2\/posts\/2137","targetHints":{"allow":["GET"]}}],"collection":[{"href":"https:\/\/panoramadelsur.com.ar\/index.php?rest_route=\/wp\/v2\/posts"}],"about":[{"href":"https:\/\/panoramadelsur.com.ar\/index.php?rest_route=\/wp\/v2\/types\/post"}],"author":[{"embeddable":true,"href":"https:\/\/panoramadelsur.com.ar\/index.php?rest_route=\/wp\/v2\/users\/1"}],"replies":[{"embeddable":true,"href":"https:\/\/panoramadelsur.com.ar\/index.php?rest_route=%2Fwp%2Fv2%2Fcomments&post=2137"}],"version-history":[{"count":1,"href":"https:\/\/panoramadelsur.com.ar\/index.php?rest_route=\/wp\/v2\/posts\/2137\/revisions"}],"predecessor-version":[{"id":2138,"href":"https:\/\/panoramadelsur.com.ar\/index.php?rest_route=\/wp\/v2\/posts\/2137\/revisions\/2138"}],"wp:featuredmedia":[{"embeddable":true,"href":"https:\/\/panoramadelsur.com.ar\/index.php?rest_route=\/wp\/v2\/media\/39574"}],"wp:attachment":[{"href":"https:\/\/panoramadelsur.com.ar\/index.php?rest_route=%2Fwp%2Fv2%2Fmedia&parent=2137"}],"wp:term":[{"taxonomy":"category","embeddable":true,"href":"https:\/\/panoramadelsur.com.ar\/index.php?rest_route=%2Fwp%2Fv2%2Fcategories&post=2137"},{"taxonomy":"post_tag","embeddable":true,"href":"https:\/\/panoramadelsur.com.ar\/index.php?rest_route=%2Fwp%2Fv2%2Ftags&post=2137"}],"curies":[{"name":"wp","href":"https:\/\/api.w.org\/{rel}","templated":true}]}}