{"id":2143,"date":"2021-03-29T01:00:00","date_gmt":"2021-03-29T01:00:00","guid":{"rendered":"http:\/\/panoramadelsur.com.ar\/?p=2143"},"modified":"2021-03-29T08:07:22","modified_gmt":"2021-03-29T08:07:22","slug":"hieren-a-un-hombre-en-el-cuello-tras-viralizar-una-denuncia-por-robos-en-berazategui","status":"publish","type":"post","link":"https:\/\/panoramadelsur.com.ar\/?p=2143","title":{"rendered":"Hieren a un hombre en el cuello tras viralizar una denuncia por robos en Berazategui"},"content":{"rendered":"\n<p class=\"wp-block-paragraph\">Un hombre result\u00f3 herido de un corte en el cuello al ser atacado en la localidad bonaerense de Berazategui y por el hecho era buscado un joven a quien la v\u00edctima hab\u00eda denunciado por robos a trav\u00e9s de las redes sociales, informaron fuentes policiales y judiciales.<\/p>\n\n\n\n<p class=\"wp-block-paragraph\">Todo sucedi\u00f3 en una vivienda ubicada en la calle 134 al 3400 de la mencionada localidad del sur del Gran Buenos Aires, donde reside la v\u00edctima, identificada como Jorge Ram\u00f3n Luna (46).<\/p>\n\n\n\n<p class=\"wp-block-paragraph\">Fuentes policiales se\u00f1alaron que Luna hab\u00eda denunciado a trav\u00e9s de las redes sociales a otro hombre que realiz\u00f3 varios robos bajo la modalidad \u00abescruche\u00bb, es decir, ingresar a una casa cuando los habitantes no se encuentran en ella.<\/p>\n\n\n\n<p class=\"wp-block-paragraph\">Los investigadores indicaron que este sospechoso, identificado por la Polic\u00eda como Sebasti\u00e1n Rocha, alias \u00abTyson\u00bb, arrib\u00f3 al domicilio de Luna y, al parecer, comenz\u00f3 a increparlo.<\/p>\n\n\n\n<p class=\"wp-block-paragraph\">Seg\u00fan las fuentes, luego se origin\u00f3 una discusi\u00f3n en la que Luna recibi\u00f3 un puntazo en el cuello, a ra\u00edz de lo cual, fue derivado r\u00e1pidamente al hospital Evita Pueblo donde tras ser operado qued\u00f3 internado.<\/p>\n\n\n\n<p class=\"wp-block-paragraph\">De acuerdo a los voceros, el paciente evolucionaba ayer de manera estable.<\/p>\n\n\n\n<p class=\"wp-block-paragraph\">\u00abLa v\u00edctima viraliz\u00f3 unas im\u00e1genes porque (Rocha) hab\u00eda asaltado a un familiar. Lo reconoci\u00f3 porque son del mismo barrio y viven a pocas cuadras de distancia. El agresor lo amenaz\u00f3 que lo iba a matar si lo denunciaba\u00bb, asegur\u00f3 a T\u00e9lam una fuente judicial.<\/p>\n\n\n\n<p class=\"wp-block-paragraph\">Seg\u00fan los investigadores, Luna fue atacado con una cuchilla de carnicero.<\/p>\n\n\n\n<p class=\"wp-block-paragraph\">El fiscal Daniel Ichazo, a cargo de la Unidad Funcional de Instrucci\u00f3n (UFI) 1 de Berazategui, orden\u00f3 la aprehensi\u00f3n del agresor, quien se fug\u00f3 tras el hecho.<\/p>\n\n\n\n<p class=\"wp-block-paragraph\">El expediente qued\u00f3 caratulado como \u00abtentativa de homicidio\u00bb, concluyeron las fuentes.<\/p>\n","protected":false},"excerpt":{"rendered":"<p>Un hombre<\/p>\n","protected":false},"author":1,"featured_media":39574,"comment_status":"open","ping_status":"open","sticky":false,"template":"","format":"standard","meta":{"footnotes":""},"categories":[10,3],"tags":[],"class_list":["post-2143","post","type-post","status-publish","format-standard","has-post-thumbnail","hentry","category-mas-noticias","category-regionales"],"_links":{"self":[{"href":"https:\/\/panoramadelsur.com.ar\/index.php?rest_route=\/wp\/v2\/posts\/2143","targetHints":{"allow":["GET"]}}],"collection":[{"href":"https:\/\/panoramadelsur.com.ar\/index.php?rest_route=\/wp\/v2\/posts"}],"about":[{"href":"https:\/\/panoramadelsur.com.ar\/index.php?rest_route=\/wp\/v2\/types\/post"}],"author":[{"embeddable":true,"href":"https:\/\/panoramadelsur.com.ar\/index.php?rest_route=\/wp\/v2\/users\/1"}],"replies":[{"embeddable":true,"href":"https:\/\/panoramadelsur.com.ar\/index.php?rest_route=%2Fwp%2Fv2%2Fcomments&post=2143"}],"version-history":[{"count":1,"href":"https:\/\/panoramadelsur.com.ar\/index.php?rest_route=\/wp\/v2\/posts\/2143\/revisions"}],"predecessor-version":[{"id":2144,"href":"https:\/\/panoramadelsur.com.ar\/index.php?rest_route=\/wp\/v2\/posts\/2143\/revisions\/2144"}],"wp:featuredmedia":[{"embeddable":true,"href":"https:\/\/panoramadelsur.com.ar\/index.php?rest_route=\/wp\/v2\/media\/39574"}],"wp:attachment":[{"href":"https:\/\/panoramadelsur.com.ar\/index.php?rest_route=%2Fwp%2Fv2%2Fmedia&parent=2143"}],"wp:term":[{"taxonomy":"category","embeddable":true,"href":"https:\/\/panoramadelsur.com.ar\/index.php?rest_route=%2Fwp%2Fv2%2Fcategories&post=2143"},{"taxonomy":"post_tag","embeddable":true,"href":"https:\/\/panoramadelsur.com.ar\/index.php?rest_route=%2Fwp%2Fv2%2Ftags&post=2143"}],"curies":[{"name":"wp","href":"https:\/\/api.w.org\/{rel}","templated":true}]}}