{"id":2147,"date":"2021-03-29T01:03:00","date_gmt":"2021-03-29T01:03:00","guid":{"rendered":"http:\/\/panoramadelsur.com.ar\/?p=2147"},"modified":"2021-03-29T08:45:00","modified_gmt":"2021-03-29T08:45:00","slug":"mayra-mendoza-acompano-la-firma-de-convenios-de-pami-con-cuatro-centros-de-jubilados-y-pensionados","status":"publish","type":"post","link":"https:\/\/panoramadelsur.com.ar\/?p=2147","title":{"rendered":"Mayra Mendoza acompa\u00f1\u00f3 la firma de convenios de PAMI con cuatro centros de jubilados y pensionados"},"content":{"rendered":"\n<p class=\"wp-block-paragraph\">La intendenta de Quilmes, Mayra Mendoza, acompa\u00f1\u00f3 la firma de convenios que realiz\u00f3 la directora general de la UGL XXVII Quilmes del PAMI, Daiana Saavedra, con cuatro Centros de Jubilados y Pensionados (CJYP) locales, con los que se les entreg\u00f3 un subsidio solidario de sostenimiento bajo la modalidad \u201cApoyo Extraordinario\u201d, en el marco de la pandemia por el coronavirus.<\/p>\n\n\n\n<p class=\"wp-block-paragraph\">\u201cFue un a\u00f1o muy dif\u00edcil el que pas\u00f3 y todav\u00eda no termin\u00f3 la pandemia del coronavirus, pero hay algo bueno para resaltar y es la solidaridad y vocaci\u00f3n de estar unidos para salir adelante de nuestra poblaci\u00f3n, y principalmente de los centros de jubilados y el gran esfuerzo que hicieron todos y cada uno de ustedes\u201d, sostuvo la Jefa Comunal, acompa\u00f1ada por el subsecretario de Deportes y Entidades de Quilmes, Nicol\u00e1s Mellino, y la coordinadora del CGyPC Quilmes Oeste, Mayra Ursina.<\/p>\n\n\n\n<p class=\"wp-block-paragraph\">\u201cTodos los que tienen responsabilidades dentro de PAMI y dentro del Municipio nos pusimos a pensar c\u00f3mo hacer para acompa\u00f1ar y ayudar a que cuando vuelvan las actividades dentro en los centros de jubilados, al menos tener la posibilidad de reparar el techo; tener un ba\u00f1o en mejores condiciones; pintar el centro, para que cuando podamos volver a abrir las puertas de todos estos lugares tan queridos, con tanto trabajo y tantas horas depositadas en estos lugares comunes, est\u00e9n mejor. Y esto fue una iniciativa de PAMI que entre todos y todas articulamos para que se pueda hacer, porque a pesar de vivir lo dif\u00edcil que fue el a\u00f1o pasado siempre pensamos como salir adelante\u201d, consider\u00f3 Mayra.<\/p>\n\n\n\n<p class=\"wp-block-paragraph\">Luego, la Intendenta agreg\u00f3: \u201cHace un a\u00f1o y medio hab\u00eda otro gobierno que ten\u00eda en mente otro Estado. Y ese Estado era el que planteaba que los jubilados no necesitaban, no ten\u00edan o no merec\u00edan tener los remedios gratis, como s\u00ed Luana (Volnovich), Alberto (Fern\u00e1ndez) y Cristina (Kirchner) han planteado ahora. Es una reparaci\u00f3n a las p\u00e9rdidas y al avasallamiento de derechos que se hab\u00edan hecho en el gobierno anterior con un Estado completamente indiferente, indistinto, perverso. Porque quitarle a los jubilados los remedios garantizados, es perverso\u201d.<\/p>\n\n\n\n<p class=\"wp-block-paragraph\">El evento se desarroll\u00f3 en el CJYP \u201cRemolcador Esperanza\u201d, de Quilmes Oeste. Dicha instituci\u00f3n fue alcanzada por el beneficio al igual que los centros \u201cFerroviario y Naval\u201d de Ezpeleta, \u201cSan Valent\u00edn\u201d de Bernal Oeste y \u201cVolver a vivir\u201d de Villa Alcira. El objetivo de PAMI es continuar con la colaboraci\u00f3n a las entidades que nuclean a las personas mayores para que puedan realizar las refacciones necesarias y, una vez que las autoridades sanitarias lo indiquen, abran sus puertas en mejores condiciones.<\/p>\n\n\n\n<p class=\"wp-block-paragraph\">Por su parte, el coordinador Social de la UGL 37 de PAMI, Facundo Rivero, expres\u00f3: \u201cLes agradecemos el compromiso y la responsabilidad con la que se manejaron durante todo el 2020. Comenzaron este a\u00f1o a la espera de la vacuna y por eso estamos muy contentos desde PAMI, de poder hacerles entrega del beneficio, y tambi\u00e9n de estar trabajando de manera articulada desde el Municipio de Quilmes, a trav\u00e9s de la intendenta Mayra Mendoza\u201d. &nbsp; &nbsp;<\/p>\n\n\n\n<p class=\"wp-block-paragraph\">En tanto que, la presidenta del Centro de Jubilados Remolcador Esperanza, Sabrina Mansilla, destac\u00f3 que \u201cpara nosotros esta ayuda significa algo muy grande, porque el centro estaba muy abandonado, y este subsidio nos favorece para poder arreglar el techo, darle una buena mano de pintura tanto adentro como afuera, arreglar un poco los ba\u00f1os y solicitar un m\u00e9dico de cabecera para los jubilados y jubiladas de nuestro centro\u201d.<\/p>\n\n\n\n<p class=\"wp-block-paragraph\">Cristina Miranda encargada del Centro de Jubilados y Pensionados del Barrio Ferroviario y Naval, agradeci\u00f3 a la Intendenta por su gesti\u00f3n e indic\u00f3 que \u201cen nuestro caso siempre se consigui\u00f3 todo a pulm\u00f3n y con sacrificio, pero con este subsidio vamos a hacer lo mejor que se pueda, aunque m\u00e1s que nada lo que queremos arreglar son los ba\u00f1os, que nos parece esencial\u201d.<\/p>\n\n\n\n<p class=\"wp-block-paragraph\">Por otro lado, la titular del Centro de Jubilados San Valent\u00edn, Carmen Caballero, dijo que \u201cla necesidad que cubriremos con este subsidio es la de poder arreglar un poco nuestra entidad, ya que se nos han llovido los techos y las luces\u201d. En el mismo sentido, la presidenta del Centro Volver a Vivir, Rosa Molina, destac\u00f3 que \u201cla atenci\u00f3n de la gente de PAMI es excelente, nos pone muy contentos tener un subsidio despu\u00e9s de 30 a\u00f1os y esperamos con alegr\u00eda la promesa de poder contar con un m\u00e9dico tambi\u00e9n de PAMI\u201d.<\/p>\n","protected":false},"excerpt":{"rendered":"<p>La intendenta<\/p>\n","protected":false},"author":1,"featured_media":39574,"comment_status":"open","ping_status":"open","sticky":false,"template":"","format":"standard","meta":{"footnotes":""},"categories":[1,2],"tags":[],"class_list":["post-2147","post","type-post","status-publish","format-standard","has-post-thumbnail","hentry","category-destacados","category-quilmes"],"_links":{"self":[{"href":"https:\/\/panoramadelsur.com.ar\/index.php?rest_route=\/wp\/v2\/posts\/2147","targetHints":{"allow":["GET"]}}],"collection":[{"href":"https:\/\/panoramadelsur.com.ar\/index.php?rest_route=\/wp\/v2\/posts"}],"about":[{"href":"https:\/\/panoramadelsur.com.ar\/index.php?rest_route=\/wp\/v2\/types\/post"}],"author":[{"embeddable":true,"href":"https:\/\/panoramadelsur.com.ar\/index.php?rest_route=\/wp\/v2\/users\/1"}],"replies":[{"embeddable":true,"href":"https:\/\/panoramadelsur.com.ar\/index.php?rest_route=%2Fwp%2Fv2%2Fcomments&post=2147"}],"version-history":[{"count":1,"href":"https:\/\/panoramadelsur.com.ar\/index.php?rest_route=\/wp\/v2\/posts\/2147\/revisions"}],"predecessor-version":[{"id":2149,"href":"https:\/\/panoramadelsur.com.ar\/index.php?rest_route=\/wp\/v2\/posts\/2147\/revisions\/2149"}],"wp:featuredmedia":[{"embeddable":true,"href":"https:\/\/panoramadelsur.com.ar\/index.php?rest_route=\/wp\/v2\/media\/39574"}],"wp:attachment":[{"href":"https:\/\/panoramadelsur.com.ar\/index.php?rest_route=%2Fwp%2Fv2%2Fmedia&parent=2147"}],"wp:term":[{"taxonomy":"category","embeddable":true,"href":"https:\/\/panoramadelsur.com.ar\/index.php?rest_route=%2Fwp%2Fv2%2Fcategories&post=2147"},{"taxonomy":"post_tag","embeddable":true,"href":"https:\/\/panoramadelsur.com.ar\/index.php?rest_route=%2Fwp%2Fv2%2Ftags&post=2147"}],"curies":[{"name":"wp","href":"https:\/\/api.w.org\/{rel}","templated":true}]}}