{"id":2156,"date":"2021-03-29T01:01:00","date_gmt":"2021-03-29T01:01:00","guid":{"rendered":"http:\/\/panoramadelsur.com.ar\/?p=2156"},"modified":"2021-03-29T09:11:17","modified_gmt":"2021-03-29T09:11:17","slug":"quilmes-recupero-la-sonrisa-en-rio-cuarto-con-victoria-sobre-estudiantes","status":"publish","type":"post","link":"https:\/\/panoramadelsur.com.ar\/?p=2156","title":{"rendered":"Quilmes recuper\u00f3 la sonrisa en R\u00edo Cuarto con victoria sobre Estudiantes"},"content":{"rendered":"\n<p class=\"wp-block-paragraph\">Quilmes recuper\u00f3 ayer por la tarde el paso ganador al derrotar como visitante a Estudiantes de R\u00edo Cuarto, por 2-0, en partido v\u00e1lido por la tercera fecha, zona A, del torneo de la Primera Nacional de f\u00fatbol.<\/p>\n\n\n\n<p class=\"wp-block-paragraph\">En el estadio Antonio Candini del club cordob\u00e9s, el conjunto \u00abcervecero\u00bb se hizo fuerte con los goles marcados por Rodrigo Moreira (Pt. 22m.) y Juli\u00e1n Bonetto (St. 49m.).<\/p>\n\n\n\n<p class=\"wp-block-paragraph\">De esta manera, el equipo conducido por Facundo Sava reaccion\u00f3, luego de la ca\u00edda ante Gimnasia de Mendoza (0-1) el pasado fin de semana, y ahora acumula seis unidades.<\/p>\n\n\n\n<p class=\"wp-block-paragraph\">El \u00abLe\u00f3n\u00bb cordob\u00e9s, por su lado, cort\u00f3 una racha de dos igualdades seguidas y se qued\u00f3 con 2 puntos.<\/p>\n\n\n\n<p class=\"wp-block-paragraph\">A partir de un fort\u00edsimo tiro libre de Moreira (infracci\u00f3n a Jon\u00e1s Acevedo al borde del \u00e1rea), el elenco visitante encontr\u00f3 la ventaja por la que hab\u00eda trabajado desde el minuto inicial.<\/p>\n\n\n\n<p class=\"wp-block-paragraph\">Por el contrario, Estudiantes jam\u00e1s hall\u00f3 los caminos para inquietar a un Esteban Glellel (sustituto del lesionado Rodrigo Saracho), que pareci\u00f3 un mero espectador.<\/p>\n\n\n\n<p class=\"wp-block-paragraph\">En el segundo tiempo, el ritmo decreci\u00f3, el elenco local insisti\u00f3 pero sin claridad y, en una contra, Quilmes lo liquid\u00f3 por medio del ingresado Bonetto.<\/p>\n\n\n\n<p class=\"wp-block-paragraph\">-S\u00edntesis-<\/p>\n\n\n\n<p class=\"wp-block-paragraph\">Estudiantes (R\u00edo Cuarto): Brian Olivera; Dami\u00e1n Ad\u00edn, Gast\u00f3n Bottino, Franco Pardo y Nicol\u00e1s Ihitz; Nahuel Cainelli, David Muller, N\u00e9stor Ortigoza y Alvaro Cuello; Francisco Romero; Marcos Arturia. DT: Gerardo Acu\u00f1a.<\/p>\n\n\n\n<p class=\"wp-block-paragraph\">Quilmes: Esteban Glellel; Mart\u00edn Ortega, Pier Barrios, Rodrigo Moreira, Agust\u00edn Garc\u00eda Basso y Agust\u00edn Bindella; Tom\u00e1s Bottari, David Drocco y Jon\u00e1s Acevedo; Tom\u00e1s Blanco y Mariano Pavone. DT: Facundo Sava.<\/p>\n\n\n\n<p class=\"wp-block-paragraph\">Gol en el primer tiempo: 22m. Moreira (Q)<\/p>\n\n\n\n<p class=\"wp-block-paragraph\">Gol en el segundo tiempo: 49m. Bonetto (Q)<\/p>\n\n\n\n<p class=\"wp-block-paragraph\">Cambio en el segundo tiempo: antes del inicio, Juli\u00e1n Bonetto por Blanco (Q); 13m. Kevin Gissi por Muller (E); 17m. Nicol\u00e1s Talpone por Romero (E); 21m. Oscar Sainz por Ortega (Q); 26m. Luciano Raballo por Ad\u00edn y V\u00edctor Beraldi por Ortigoza (E); 29m. Fernando Luna por Acevedo (Q); 39m. Federico Anselmo por Pavone y Emanuel Moreno por Bindella (Q)<\/p>\n\n\n\n<p class=\"wp-block-paragraph\">Estadio: Antonio Candini (R\u00edo Cuarto). Arbitro: Carlos C\u00f3rdoba.<\/p>\n","protected":false},"excerpt":{"rendered":"<p>Quilmes recuper\u00f3<\/p>\n","protected":false},"author":1,"featured_media":39574,"comment_status":"open","ping_status":"open","sticky":false,"template":"","format":"standard","meta":{"footnotes":""},"categories":[6,2],"tags":[],"class_list":["post-2156","post","type-post","status-publish","format-standard","has-post-thumbnail","hentry","category-deportes","category-quilmes"],"_links":{"self":[{"href":"https:\/\/panoramadelsur.com.ar\/index.php?rest_route=\/wp\/v2\/posts\/2156","targetHints":{"allow":["GET"]}}],"collection":[{"href":"https:\/\/panoramadelsur.com.ar\/index.php?rest_route=\/wp\/v2\/posts"}],"about":[{"href":"https:\/\/panoramadelsur.com.ar\/index.php?rest_route=\/wp\/v2\/types\/post"}],"author":[{"embeddable":true,"href":"https:\/\/panoramadelsur.com.ar\/index.php?rest_route=\/wp\/v2\/users\/1"}],"replies":[{"embeddable":true,"href":"https:\/\/panoramadelsur.com.ar\/index.php?rest_route=%2Fwp%2Fv2%2Fcomments&post=2156"}],"version-history":[{"count":1,"href":"https:\/\/panoramadelsur.com.ar\/index.php?rest_route=\/wp\/v2\/posts\/2156\/revisions"}],"predecessor-version":[{"id":2158,"href":"https:\/\/panoramadelsur.com.ar\/index.php?rest_route=\/wp\/v2\/posts\/2156\/revisions\/2158"}],"wp:featuredmedia":[{"embeddable":true,"href":"https:\/\/panoramadelsur.com.ar\/index.php?rest_route=\/wp\/v2\/media\/39574"}],"wp:attachment":[{"href":"https:\/\/panoramadelsur.com.ar\/index.php?rest_route=%2Fwp%2Fv2%2Fmedia&parent=2156"}],"wp:term":[{"taxonomy":"category","embeddable":true,"href":"https:\/\/panoramadelsur.com.ar\/index.php?rest_route=%2Fwp%2Fv2%2Fcategories&post=2156"},{"taxonomy":"post_tag","embeddable":true,"href":"https:\/\/panoramadelsur.com.ar\/index.php?rest_route=%2Fwp%2Fv2%2Ftags&post=2156"}],"curies":[{"name":"wp","href":"https:\/\/api.w.org\/{rel}","templated":true}]}}