{"id":2168,"date":"2021-03-29T09:48:07","date_gmt":"2021-03-29T09:48:07","guid":{"rendered":"http:\/\/panoramadelsur.com.ar\/?p=2168"},"modified":"2021-03-29T09:49:19","modified_gmt":"2021-03-29T09:49:19","slug":"la-deuda-que-heredamos-en-los-terminos-en-que-esta-es-impagable-advirtio-el-presidente","status":"publish","type":"post","link":"https:\/\/panoramadelsur.com.ar\/?p=2168","title":{"rendered":"\u00abLa deuda que heredamos, en los t\u00e9rminos en que est\u00e1, es impagable\u00bb, advirti\u00f3 el Presidente"},"content":{"rendered":"\n<p>El presidente Alberto Fern\u00e1ndez advirti\u00f3 que la deuda contra\u00edda con el FMI en la gesti\u00f3n de Cambiemos \u00aben los t\u00e9rminos que est\u00e1, es impagable\u00bb, y subray\u00f3 que \u00abno existe una contradicci\u00f3n\u00bb entre su visi\u00f3n y la postura de Cristina Kirchner sobre esas cuestiones.<\/p>\n\n\n\n<p>\u00abNo existe la contradicci\u00f3n, es una contradicci\u00f3n que siempre nos quieren imponer, porque hay un deseo muy claro de dividirnos y hacernos aparecer en posiciones contrapuestas, que no son tales\u00bb, se\u00f1al\u00f3 el jefe de Estado en declaraciones a Radio Del Plata.<\/p>\n\n\n\n<p>\u00abSon formas de decir las cosas, pero que en lo sustancial representan exactamente lo mismo\u00bb, afirm\u00f3 Fern\u00e1ndez en referencia a las definiciones realizadas por la vicepresidenta y titular del Senado durante una visita a la localidad bonaerense de Las Flores, el 24 de marzo \u00faltimo.<\/p>\n\n\n\n<p>En esa ocasi\u00f3n, Cristina Kirchner dijo que la Argentina no se encuentra en condiciones de pagar los vencimientos de la deuda que tiene con el FMI: \u00abNo podemos pagar la deuda porque no tenemos la plata\u00bb, dijo.<\/p>\n\n\n\n<p>En relaci\u00f3n con esos dichos, el Presidente record\u00f3 que \u00abd\u00edas atr\u00e1s, antes de que Cristina hablara (en Las Flores), en un acto que hicimos en Almirante Brown, yo le contaba a la gente que este a\u00f1o ten\u00edamos que pagarle al Fondo 3500 millones de d\u00f3lares y que el a\u00f1o que viene ten\u00edamos que pagarle 18.000 millones de d\u00f3lares, y que a\u00f1o siguiente (2023) ten\u00edamos que pagarle 19.000 millones de d\u00f3lares\u00bb.<\/p>\n\n\n\n<p>\u00abSemejantes cifras lo \u00fanico que dan cuenta es de cuanto nos posterga la situaci\u00f3n que tenemos con el Fondo\u00bb, puntualiz\u00f3 y agreg\u00f3: \u00abah\u00ed tiene raz\u00f3n Cristina, \u00bfqu\u00e9 posibilidades tenemos nosotros de pagar 18.000 millones de d\u00f3lares el a\u00f1o que viene? Ninguna. Si ya nos cuesta mucho pensar en pagar 3.500 millones de d\u00f3lares este a\u00f1o\u00bb.<\/p>\n\n\n\n<p>Y luego subray\u00f3: \u00abEn verdad, lo que estamos diciendo, es que la deuda que heredamos, en los t\u00e9rminos en que est\u00e1, es impagable\u00bb.<\/p>\n\n\n\n<p>Por esto, Fern\u00e1ndez agreg\u00f3 que el objetivo del gobierno en sus tratativas con el FMI es \u00abver c\u00f3mo negociar con el Fondo para obtener las mayores ventajas y, en eso, Mart\u00edn (por Guzm\u00e1n) est\u00e1 trabajando mucho y a mi juicio lo est\u00e1 haciendo bien\u00bb.<\/p>\n\n\n\n<p>Adem\u00e1s, cont\u00f3 que el FMI, durante el reciente viaje que hizo a Estados Unidos el ministro de Econom\u00eda, \u00abadmiti\u00f3 algo que parec\u00eda impensado\u00bb para el organismo que encabeza la economista b\u00falgara Kristalina Georgieva, ya que sostuvo, puntualiz\u00f3 el mandatario, que \u00abla inflaci\u00f3n reconoce m\u00faltiples causas que la determinan\u00bb.<\/p>\n\n\n\n<p>\u00abEsto era algo impensado, porque para el Fondo la inflaci\u00f3n siempre es efecto de la inflaci\u00f3n monetaria y del d\u00e9ficit fiscal\u00bb, subray\u00f3 y luego destac\u00f3: \u00abPor primera vez, el FMI dijo que eso (la inflaci\u00f3n monetaria y el d\u00e9ficit) son dos causas pero hay muchas m\u00e1s que determinan la inflaci\u00f3n\u00bb.<\/p>\n\n\n\n<p>\u00abEso es algo que nosotros venimos planteando desde hace tiempo, cuando nos dicen &#8216;dejen de emitir&#8217; o &#8216;reduzcan el d\u00e9ficit, porque eso genera inflaci\u00f3n&#8217;, y nosotros decimos &#8216;miren que la inflaci\u00f3n argentina no est\u00e1 determinada por eso&#8217;: est\u00e1 determinada por una multitud de causas, que van desde eso, si ustedes quieren, hasta la especulaci\u00f3n de muchos\u00bb, afirm\u00f3 Fern\u00e1ndez.<\/p>\n\n\n\n<p>Y luego, al ser consultado por el debate en torno a evitar el d\u00e9ficit fiscal o expandir el gasto p\u00fablico para recuperar la actividad econ\u00f3mica, contest\u00f3: \u00abEl kirchnerismo que yo aprend\u00ed, que es el kirchnerismo al lado de N\u00e9stor, era un kirchnerismo que se irritaba por el d\u00e9ficit fiscal, que cre\u00eda que el d\u00e9ficit fiscal era definitivamente nocivo, y razonablemente lo es, porque gastar lo que no ten\u00e9s, en cualquier hip\u00f3tesis, es nocivo\u00bb.<\/p>\n\n\n\n<p>Sin embargo, en relaci\u00f3n a ese punto, despu\u00e9s matiz\u00f3: \u00abDigo eso, pero tambi\u00e9n digo que estamos en un mundo en el que el d\u00e9ficit fiscal es la regla y el super\u00e1vit es la excepci\u00f3n, porque la pandemia ha dejado en situaci\u00f3n de d\u00e9ficit a todos\u00bb.<\/p>\n\n\n\n<p>Luego se refiri\u00f3 a las prioridades de la pol\u00edtica econ\u00f3mica en estas circunstancias, para lo cual profundiz\u00f3: \u00abNosotros seguimos expandiendo la econom\u00eda, y tambi\u00e9n la emisi\u00f3n, adem\u00e1s la obra p\u00fablica se multiplic\u00f3 por dos, la infraestructura educativa se multiplic\u00f3 por siete\u00bb. Y en ese sentido aclar\u00f3: \u00abNo estamos diciendo que estamos en una \u00e9poca de restricciones del gasto para garantizar un equilibrio fiscal o un super\u00e1vit fiscal\u00bb.<\/p>\n\n\n\n<p>\u00abLo que creemos es que tuvimos un d\u00e9ficit fiscal importante y que tenemos que ir reduci\u00e9ndolo hasta acercarnos al equilibrio fiscal en cuanto podamos, pero la Argentina no tiene una econom\u00eda retractiva, de ninguna manera es as\u00ed: la inversi\u00f3n en obra p\u00fablica se multiplic\u00f3 m\u00e1s del doble, y AYSA multiplic\u00f3 siete veces su presupuesto para hacer obra p\u00fablica de aguas y de tratamientos cloacales. \u00bfEso no es una econom\u00eda expansiva\u00bb, puntualiz\u00f3.<\/p>\n\n\n\n<p>Despu\u00e9s, en otro tramo de la entrevista, se refiri\u00f3 a los precios locales y a la inflaci\u00f3n, y sobre ese punto dijo que uno de los problemas es que algunas empresas con capacidad exportadora dicen \u00absi puedo vender afuera por m\u00e1s dinero, por qu\u00e9 voy a venderlo ac\u00e1\u00bb.<\/p>\n\n\n\n<p>Pero reconoci\u00f3 que a eso se suman \u00abmaniobras especulativas, y la inflaci\u00f3n autoconstruida\u00bb, que consiste, en su visi\u00f3n, en una suerte de \u00abaumento por las dudas\u00bb.<\/p>\n\n\n\n<p>Finalmente, el jefe de Estado sostuvo que, con todo, \u00aben los supermercados esos precios acordados se vienen respetando\u00bb, aunque reconoci\u00f3 que por el lado de los peque\u00f1os comerciantes hay m\u00e1s distorsi\u00f3n, diagn\u00f3stico que sin embargo complement\u00f3 con una referencia cr\u00edtica a las desigualdades en la cadena de valor.<\/p>\n\n\n\n<p>Seg\u00fan Fern\u00e1ndez, el peso de los distintos actores econ\u00f3micos en la cadena, a la hora de la construcci\u00f3n de precios, provoca que el productor \u00abreciba una miseria\u00bb por sus productos.<\/p>\n\n\n\n<p>\u00abC\u00f3mo se va deformando el precio en el tomate que se produce en La Rioja hasta que llega a Buenos Aires es muy impresionante\u00bb, ejemplific\u00f3.<\/p>\n\n\n\n<p>En ese sentido, el mandatario defendi\u00f3 la Ley de G\u00f3ndolas y dijo que lo que pasa con los alimentos \u00abno es muy distinto de lo que pasa en la construcci\u00f3n\u00bb, en alusi\u00f3n al fen\u00f3meno de la cartelizaci\u00f3n, por medio del cual muchos \u00abespeculan y acaparan esperando un mejor momento para venderlo m\u00e1s caro\u00bb.<\/p>\n","protected":false},"excerpt":{"rendered":"<p>El presidente<\/p>\n","protected":false},"author":1,"featured_media":39574,"comment_status":"open","ping_status":"open","sticky":false,"template":"","format":"standard","meta":{"footnotes":""},"categories":[4],"tags":[],"class_list":["post-2168","post","type-post","status-publish","format-standard","has-post-thumbnail","hentry","category-nacionales"],"_links":{"self":[{"href":"https:\/\/panoramadelsur.com.ar\/index.php?rest_route=\/wp\/v2\/posts\/2168","targetHints":{"allow":["GET"]}}],"collection":[{"href":"https:\/\/panoramadelsur.com.ar\/index.php?rest_route=\/wp\/v2\/posts"}],"about":[{"href":"https:\/\/panoramadelsur.com.ar\/index.php?rest_route=\/wp\/v2\/types\/post"}],"author":[{"embeddable":true,"href":"https:\/\/panoramadelsur.com.ar\/index.php?rest_route=\/wp\/v2\/users\/1"}],"replies":[{"embeddable":true,"href":"https:\/\/panoramadelsur.com.ar\/index.php?rest_route=%2Fwp%2Fv2%2Fcomments&post=2168"}],"version-history":[{"count":1,"href":"https:\/\/panoramadelsur.com.ar\/index.php?rest_route=\/wp\/v2\/posts\/2168\/revisions"}],"predecessor-version":[{"id":2169,"href":"https:\/\/panoramadelsur.com.ar\/index.php?rest_route=\/wp\/v2\/posts\/2168\/revisions\/2169"}],"wp:featuredmedia":[{"embeddable":true,"href":"https:\/\/panoramadelsur.com.ar\/index.php?rest_route=\/wp\/v2\/media\/39574"}],"wp:attachment":[{"href":"https:\/\/panoramadelsur.com.ar\/index.php?rest_route=%2Fwp%2Fv2%2Fmedia&parent=2168"}],"wp:term":[{"taxonomy":"category","embeddable":true,"href":"https:\/\/panoramadelsur.com.ar\/index.php?rest_route=%2Fwp%2Fv2%2Fcategories&post=2168"},{"taxonomy":"post_tag","embeddable":true,"href":"https:\/\/panoramadelsur.com.ar\/index.php?rest_route=%2Fwp%2Fv2%2Ftags&post=2168"}],"curies":[{"name":"wp","href":"https:\/\/api.w.org\/{rel}","templated":true}]}}