{"id":2170,"date":"2021-03-29T01:03:00","date_gmt":"2021-03-29T01:03:00","guid":{"rendered":"http:\/\/panoramadelsur.com.ar\/?p=2170"},"modified":"2021-03-29T17:53:14","modified_gmt":"2021-03-29T17:53:14","slug":"mayra-mendoza-encabezo-la-reapertura-del-teatro-municipal-de-quilmes","status":"publish","type":"post","link":"https:\/\/panoramadelsur.com.ar\/?p=2170","title":{"rendered":"Mayra Mendoza encabez\u00f3 la reapertura del Teatro Municipal de Quilmes"},"content":{"rendered":"\n<p class=\"wp-block-paragraph\">La intendenta de Quilmes, Mayra Mendoza, en coincidencia con el D\u00eda Internacional del Teatro, encabez\u00f3 el s\u00e1bado la reapertura del Teatro Municipal, que en esta temporada 2021 abrir\u00e1 sus puertas los s\u00e1bados y domingos con todos los protocolos de cuidado correspondientes y una sala con capacidad limitada.<\/p>\n\n\n\n<p class=\"wp-block-paragraph\">\u201cEn el marco del D\u00eda del Teatro, participamos de la reapertura del Teatro Municipal, cumpliendo con los protocolos sanitarios. Este evento cont\u00f3 con distintos espect\u00e1culos relacionados al Mes de la Mujer que fueron interpretados por artistas de Quilmes. Es un orgullo saber que tenemos un gran espacio que acompa\u00f1a el trabajo de grandes artistas y defiende la cultura popular de nuestra ciudad\u201d, sostuvo Mayra en la noche del s\u00e1bado.<\/p>\n\n\n\n<p class=\"wp-block-paragraph\">Por su parte, el secretario de Educaci\u00f3n, Culturas y Deportes del Municipio de Quilmes, Mario Lozano, se\u00f1al\u00f3 que \u201cen estas condiciones que nos permite el desarrollo de la pandemia, con mucha alegr\u00eda podemos estar hoy inaugurando la temporada del Teatro Municipal. Si bien ven\u00edamos haciendo actividades de Cultura por streaming, poder disfrutarlas en vivo tiene un sabor especial\u201d.<\/p>\n\n\n\n<p class=\"wp-block-paragraph\">En tanto, la subsecretaria de Culturas, Gabriela Alonso, brind\u00f3 detalles acerca de las medidas de cuidado adoptadas: \u201cLa sala del teatro tiene unas 600 butacas y el protocolo nos permiti\u00f3 habilitar 125. Entonces, formamos islas por familia, es decir, las familias se sientan juntas y despu\u00e9s hay tres butacas vac\u00edas hasta la pr\u00f3xima persona o familia que se sienta. Todo est\u00e1 hipercuidado, y se desinfecta el espacio cada vez que entran y salen las personas\u201d.<\/p>\n\n\n\n<p class=\"wp-block-paragraph\">Finalmente, el director del Teatro Municipal de Quilmes, Alejandro Monforte, agradeci\u00f3 a todos los presentes por participar de la actividad y destac\u00f3 las obras que salieron a escena en la noche de reapertura, realizadas \u00edntegramente por artistas quilme\u00f1os: \u201cFeminas XXI\u201d, \u201cLa mujer jud\u00eda\u201d y \u00abNi aun vencidas\u201d. \u201cEsto es lo que tenemos que profundizar. Vamos a seguir con funciones los d\u00edas s\u00e1bado y domingo durante abril y mayo, si la pandemia lo permite\u201d, agreg\u00f3.<\/p>\n\n\n\n<p class=\"wp-block-paragraph\">Hoy desde las 17, se presentar\u00e1n \u201cEl capit\u00e1n Papatanasio Mamertopolos\u201d; \u201cHabitar\u201d y \u201cLa isla desierta\u201d. La cartelera del teatro puede consultarse en las redes sociales de Culturas Quilmes y en la p\u00e1gina web del Municipio. Las entradas se retiran de manera presencial en la boleter\u00eda de lunes a viernes de 9 a 14.<\/p>\n","protected":false},"excerpt":{"rendered":"<p>La intendenta<\/p>\n","protected":false},"author":1,"featured_media":39574,"comment_status":"open","ping_status":"open","sticky":false,"template":"","format":"standard","meta":{"footnotes":""},"categories":[11,10,2],"tags":[],"class_list":["post-2170","post","type-post","status-publish","format-standard","has-post-thumbnail","hentry","category-cultura","category-mas-noticias","category-quilmes"],"_links":{"self":[{"href":"https:\/\/panoramadelsur.com.ar\/index.php?rest_route=\/wp\/v2\/posts\/2170","targetHints":{"allow":["GET"]}}],"collection":[{"href":"https:\/\/panoramadelsur.com.ar\/index.php?rest_route=\/wp\/v2\/posts"}],"about":[{"href":"https:\/\/panoramadelsur.com.ar\/index.php?rest_route=\/wp\/v2\/types\/post"}],"author":[{"embeddable":true,"href":"https:\/\/panoramadelsur.com.ar\/index.php?rest_route=\/wp\/v2\/users\/1"}],"replies":[{"embeddable":true,"href":"https:\/\/panoramadelsur.com.ar\/index.php?rest_route=%2Fwp%2Fv2%2Fcomments&post=2170"}],"version-history":[{"count":1,"href":"https:\/\/panoramadelsur.com.ar\/index.php?rest_route=\/wp\/v2\/posts\/2170\/revisions"}],"predecessor-version":[{"id":2172,"href":"https:\/\/panoramadelsur.com.ar\/index.php?rest_route=\/wp\/v2\/posts\/2170\/revisions\/2172"}],"wp:featuredmedia":[{"embeddable":true,"href":"https:\/\/panoramadelsur.com.ar\/index.php?rest_route=\/wp\/v2\/media\/39574"}],"wp:attachment":[{"href":"https:\/\/panoramadelsur.com.ar\/index.php?rest_route=%2Fwp%2Fv2%2Fmedia&parent=2170"}],"wp:term":[{"taxonomy":"category","embeddable":true,"href":"https:\/\/panoramadelsur.com.ar\/index.php?rest_route=%2Fwp%2Fv2%2Fcategories&post=2170"},{"taxonomy":"post_tag","embeddable":true,"href":"https:\/\/panoramadelsur.com.ar\/index.php?rest_route=%2Fwp%2Fv2%2Ftags&post=2170"}],"curies":[{"name":"wp","href":"https:\/\/api.w.org\/{rel}","templated":true}]}}