{"id":2180,"date":"2021-03-29T16:00:00","date_gmt":"2021-03-29T16:00:00","guid":{"rendered":"http:\/\/panoramadelsur.com.ar\/?p=2180"},"modified":"2021-03-29T16:48:23","modified_gmt":"2021-03-29T16:48:23","slug":"promulgan-ley-de-formacion-en-perspectiva-ambiental-para-la-administracion-publica-bonaerense","status":"publish","type":"post","link":"https:\/\/panoramadelsur.com.ar\/?p=2180","title":{"rendered":"Promulgan ley de formaci\u00f3n en perspectiva ambiental para la administraci\u00f3n p\u00fablica bonaerense"},"content":{"rendered":"\n<p>El Gobierno bonaerense promulg\u00f3 hoy la ley que establece la capacitaci\u00f3n obligatoria en desarrollo sostenible y en materia ambiental para todas las personas que se desempe\u00f1en en la funci\u00f3n p\u00fablica de la provincia de Buenos Aires en todos sus niveles y jerarqu\u00edas.<\/p>\n\n\n\n<p>Se trata de una norma 15.276, sancionada por la Legislatura bonaerense el 4 de marzo pasado, que dispone que esa formaci\u00f3n deber\u00e1 ser \u00aben forma permanente o transitoria, ya sea por cargo electivo, designaci\u00f3n directa, por concurso o contrataci\u00f3n o por cualquier otro medio de designaci\u00f3n legal, en el \u00e1mbito de los tres poderes del Estado Provincial\u00bb.<\/p>\n\n\n\n<p>La iniciativa parlamentaria, del senador Emanuel Gonz\u00e1lez Santalla (Frente de Todos), dispone que los agentes p\u00fablicos ser\u00e1n capacitados \u00aben el marco de un programa de formaci\u00f3n en desarrollo sostenible y materia ambiental de acuerdo a la planificaci\u00f3n de contenidos curriculares, modalidades y plazos definidos por la autoridad de aplicaci\u00f3n\u00bb.<\/p>\n\n\n\n<p>La ley dispone que la capacitaci\u00f3n deber\u00e1 abordar: objetivos del desarrollo sostenible; cambio clim\u00e1tico; eficiencia energ\u00e9tica; energ\u00edas renovables; residuos s\u00f3lidos urbanos; econom\u00eda circular; problem\u00e1ticas ambientales urbanas y bioeconom\u00eda; normativa ambiental vigente; y derecho ambiental.<\/p>\n","protected":false},"excerpt":{"rendered":"<p>El Gobierno<\/p>\n","protected":false},"author":1,"featured_media":39574,"comment_status":"open","ping_status":"open","sticky":false,"template":"","format":"standard","meta":{"footnotes":""},"categories":[5],"tags":[],"class_list":["post-2180","post","type-post","status-publish","format-standard","has-post-thumbnail","hentry","category-provincia"],"_links":{"self":[{"href":"https:\/\/panoramadelsur.com.ar\/index.php?rest_route=\/wp\/v2\/posts\/2180","targetHints":{"allow":["GET"]}}],"collection":[{"href":"https:\/\/panoramadelsur.com.ar\/index.php?rest_route=\/wp\/v2\/posts"}],"about":[{"href":"https:\/\/panoramadelsur.com.ar\/index.php?rest_route=\/wp\/v2\/types\/post"}],"author":[{"embeddable":true,"href":"https:\/\/panoramadelsur.com.ar\/index.php?rest_route=\/wp\/v2\/users\/1"}],"replies":[{"embeddable":true,"href":"https:\/\/panoramadelsur.com.ar\/index.php?rest_route=%2Fwp%2Fv2%2Fcomments&post=2180"}],"version-history":[{"count":1,"href":"https:\/\/panoramadelsur.com.ar\/index.php?rest_route=\/wp\/v2\/posts\/2180\/revisions"}],"predecessor-version":[{"id":2182,"href":"https:\/\/panoramadelsur.com.ar\/index.php?rest_route=\/wp\/v2\/posts\/2180\/revisions\/2182"}],"wp:featuredmedia":[{"embeddable":true,"href":"https:\/\/panoramadelsur.com.ar\/index.php?rest_route=\/wp\/v2\/media\/39574"}],"wp:attachment":[{"href":"https:\/\/panoramadelsur.com.ar\/index.php?rest_route=%2Fwp%2Fv2%2Fmedia&parent=2180"}],"wp:term":[{"taxonomy":"category","embeddable":true,"href":"https:\/\/panoramadelsur.com.ar\/index.php?rest_route=%2Fwp%2Fv2%2Fcategories&post=2180"},{"taxonomy":"post_tag","embeddable":true,"href":"https:\/\/panoramadelsur.com.ar\/index.php?rest_route=%2Fwp%2Fv2%2Ftags&post=2180"}],"curies":[{"name":"wp","href":"https:\/\/api.w.org\/{rel}","templated":true}]}}