{"id":2333,"date":"2021-04-01T01:08:00","date_gmt":"2021-04-01T01:08:00","guid":{"rendered":"http:\/\/panoramadelsur.com.ar\/?p=2333"},"modified":"2021-03-31T04:23:49","modified_gmt":"2021-03-31T04:23:49","slug":"mas-puntos-de-vacunacion-contra-el-covid-19-en-berazategui","status":"publish","type":"post","link":"https:\/\/panoramadelsur.com.ar\/?p=2333","title":{"rendered":"M\u00e1s puntos de vacunaci\u00f3n contra el Covid-19 en Berazategui"},"content":{"rendered":"\n<p class=\"wp-block-paragraph\"><strong>La estrategia de vacunaci\u00f3n contra el coronavirus que se est\u00e1 implementando en la ciudad sum\u00f3 dos nuevas bases operativas: una en el Polideportivo Municipal N\u00b0 3 y otra en la Sede de PAMI de Berazategui Centro.<\/strong><\/p>\n\n\n\n<p class=\"wp-block-paragraph\">Sobre el desarrollo de la vacunaci\u00f3n en el Polideportivo N\u00ba 3, la coordinadora de la posta instalada en ese lugar, Roc\u00edo Bern\u00e1rdez, subray\u00f3: \u201cLos operativos consisten en una mesa de entrada donde corroboramos los datos de las personas y sus turnos programados. Luego pasan a la sala de espera para, finalmente, ser vacunados. Una vez recibida la vacuna, tienen que esperar 30 minutos para descartar cualquier efecto adverso inmediato a su aplicaci\u00f3n\u201d.<\/p>\n\n\n\n<p class=\"wp-block-paragraph\">En tanto, el coordinador de la posta de vacunaci\u00f3n en la sede de PAMI, David Cayeta, manifest\u00f3: \u201cTanto desde el equipo sanitario, como del operativo, estamos trabajando mancomunadamente para poder brindarle una excelente atenci\u00f3n a los vecinos, quienes realmente reciben sus vacunas con la mejor de las predisposiciones\u201d.<\/p>\n\n\n\n<p class=\"wp-block-paragraph\">Una de las vecinas a quien se le aplic\u00f3 su primera dosis, Ramona Nu\u00f1ez (de 83 a\u00f1os), expres\u00f3: \u201cEstoy muy contenta por recibir la vacuna. Para m\u00ed es muy importante porque de a poco, y con cuidados, puedo volver a hacer cosas que no estaba haciendo, como ver a mis nietos y salir a hacer los mandados\u201d.<\/p>\n\n\n\n<p class=\"wp-block-paragraph\">La Municipalidad de Berazategui recuerda que aquellos interesados en sumarse al Plan provincial, p\u00fablico, gratuito y optativo de vacunaci\u00f3n, deben ingresar en&nbsp;<a href=\"http:\/\/www.vacunatepba.gba.gob.ar\/\" target=\"_blank\" rel=\"noreferrer noopener\">www.vacunatepba.gba.gob.ar<\/a>&nbsp;y completar los datos. O bien, descargarse la aplicaci\u00f3n para tel\u00e9fono celular VacunatePBA. En caso de necesitar ayuda para registrarse, pueden comunicarse gratuitamente al 5256-2650, de lunes a viernes de 8.00 a 16.00.<\/p>\n\n\n\n<p class=\"wp-block-paragraph\">Tambi\u00e9n, por alguna complicaci\u00f3n o dificultad al momento de la inscripci\u00f3n, pueden obtener asesoramiento en los Centros de Atenci\u00f3n Primaria de Salud (CAPS): de lunes a viernes, de 8.00 a 13.00. Sus direcciones se encuentran en&nbsp;<a href=\"http:\/\/berazategui.gob.ar\/salud\" target=\"_blank\" rel=\"noreferrer noopener\">berazategui.gob.ar\/salud<\/a>; o en la oficina de ARBA (calle 148 N\u00ba 1102); en la sede de IOMA (calle 147 N\u00ba 1343), de 8.00 a 14.00; y en las delegaciones de PAMI (calle 146 N\u00ba 1253\/63 y calle 52 N\u00ba 3125).<\/p>\n\n\n\n<p class=\"wp-block-paragraph\">Asimismo, vale destacar que el resto de los centros de vacunaci\u00f3n que funcionan en Berazategui se encuentran en el Centro de Actividades \u201cRoberto De Vicenzo\u201d, en la posta de SUTEBA, en la Escuela de Polic\u00eda de la provincia de Buenos Aires \u201cJuan Vucetich\u201d, en la agencia de PAMI de Barrio Mar\u00edtimo, en la sede de ATE, en la UPA N\u00b0 10 de Hudson y en el Hospital \u201cEvita Pueblo\u201d.<\/p>\n","protected":false},"excerpt":{"rendered":"<p>La estrategia<\/p>\n","protected":false},"author":1,"featured_media":39574,"comment_status":"open","ping_status":"open","sticky":false,"template":"","format":"standard","meta":{"footnotes":""},"categories":[3],"tags":[],"class_list":["post-2333","post","type-post","status-publish","format-standard","has-post-thumbnail","hentry","category-regionales"],"_links":{"self":[{"href":"https:\/\/panoramadelsur.com.ar\/index.php?rest_route=\/wp\/v2\/posts\/2333","targetHints":{"allow":["GET"]}}],"collection":[{"href":"https:\/\/panoramadelsur.com.ar\/index.php?rest_route=\/wp\/v2\/posts"}],"about":[{"href":"https:\/\/panoramadelsur.com.ar\/index.php?rest_route=\/wp\/v2\/types\/post"}],"author":[{"embeddable":true,"href":"https:\/\/panoramadelsur.com.ar\/index.php?rest_route=\/wp\/v2\/users\/1"}],"replies":[{"embeddable":true,"href":"https:\/\/panoramadelsur.com.ar\/index.php?rest_route=%2Fwp%2Fv2%2Fcomments&post=2333"}],"version-history":[{"count":1,"href":"https:\/\/panoramadelsur.com.ar\/index.php?rest_route=\/wp\/v2\/posts\/2333\/revisions"}],"predecessor-version":[{"id":2335,"href":"https:\/\/panoramadelsur.com.ar\/index.php?rest_route=\/wp\/v2\/posts\/2333\/revisions\/2335"}],"wp:featuredmedia":[{"embeddable":true,"href":"https:\/\/panoramadelsur.com.ar\/index.php?rest_route=\/wp\/v2\/media\/39574"}],"wp:attachment":[{"href":"https:\/\/panoramadelsur.com.ar\/index.php?rest_route=%2Fwp%2Fv2%2Fmedia&parent=2333"}],"wp:term":[{"taxonomy":"category","embeddable":true,"href":"https:\/\/panoramadelsur.com.ar\/index.php?rest_route=%2Fwp%2Fv2%2Fcategories&post=2333"},{"taxonomy":"post_tag","embeddable":true,"href":"https:\/\/panoramadelsur.com.ar\/index.php?rest_route=%2Fwp%2Fv2%2Ftags&post=2333"}],"curies":[{"name":"wp","href":"https:\/\/api.w.org\/{rel}","templated":true}]}}