{"id":2343,"date":"2021-04-01T01:06:00","date_gmt":"2021-04-01T01:06:00","guid":{"rendered":"http:\/\/panoramadelsur.com.ar\/?p=2343"},"modified":"2021-03-31T05:02:18","modified_gmt":"2021-03-31T05:02:18","slug":"ministro-bonaerense-destaco-medidas-de-reactivacion-en-encuentro-de-consejo-de-las-americas","status":"publish","type":"post","link":"https:\/\/panoramadelsur.com.ar\/?p=2343","title":{"rendered":"Ministro bonaerense destac\u00f3 medidas de reactivaci\u00f3n en encuentro de Consejo de las Am\u00e9ricas"},"content":{"rendered":"\n<p class=\"wp-block-paragraph\">El ministro de Hacienda y Finanzas bonaerense, Pablo L\u00f3pez, destac\u00f3 hoy los esfuerzos que est\u00e1 haciendo el gobierno provincial para paliar los efectos de la crisis de los \u00faltimos tres a\u00f1os e impulsar la recuperaci\u00f3n econ\u00f3mica.<\/p>\n\n\n\n<p class=\"wp-block-paragraph\">Al disertar hoy en un encuentro organizado por el Consejo de las Am\u00e9ricas, L\u00f3pez consign\u00f3 tambi\u00e9n que el plan de infraestructura previsto para este a\u00f1o tendr\u00e1 una inversi\u00f3n que alcanzar\u00e1 los $174.151 millones de pesos, equivalente al 1.35% del Producto Bruto bonaerense.<\/p>\n\n\n\n<p class=\"wp-block-paragraph\">L\u00f3pez -ante un auditorio conformado por empresarios y representantes de fondos de inversi\u00f3n- detall\u00f3 las principales l\u00edneas de acci\u00f3n del Gobierno provincial para reducir los d\u00e9ficits estructurales que tiene la provincia.<\/p>\n\n\n\n<p class=\"wp-block-paragraph\">Seg\u00fan inform\u00f3 la cartera de Hacienda, el ministro cit\u00f3 \u201cel ambicioso plan de inversiones en infraestructura vial, h\u00eddrica, educaci\u00f3n, construcci\u00f3n de viviendas, servicios p\u00fablicos, refuerzo del sistema de salud y los programas que se est\u00e1n llevando adelante para que los sectores productivos como la industria manufacturera y el campo, generen empleo de calidad\u201d.<\/p>\n\n\n\n<p class=\"wp-block-paragraph\">\u201cRecientemente enviamos dos proyectos de Ley a la Legislatura, uno de moratoria y otro para un r\u00e9gimen simplificado de Ingresos Brutos, con el objetivo de ayudar a formalizar una parte de la econom\u00eda bonaerense que hoy se encuentra en una situaci\u00f3n informal\u201d, detall\u00f3.<\/p>\n\n\n\n<p class=\"wp-block-paragraph\">Agreg\u00f3 que \u201ceso se suma al ambicioso plan de infraestructura que tenemos previsto para este a\u00f1o, con una enorme inversi\u00f3n de capital que resulta imprescindible e impostergable para poner a la Provincia en marcha\u201d.<\/p>\n\n\n\n<p class=\"wp-block-paragraph\">El ministro se refiri\u00f3 tambi\u00e9n a la situaci\u00f3n de la deuda en la Provincia y record\u00f3 que al momento de asumir la gesti\u00f3n \u201cel 84% de la deuda estaba nominada en d\u00f3lares, los vencimientos estaban concentrados en el corto plazo y hab\u00eda una carga de intereses muy alta lo que hac\u00eda insostenible la carga de la deuda para la capacidad de pago de la provincia\u201d.<\/p>\n\n\n\n<p class=\"wp-block-paragraph\">\u201cCuando hablamos de sostenibilidad, de alinear el perfil de deuda con la capacidad de pago de la Provincia, hablamos de comprometernos a un perfil que nos permita desarrollar las medidas econ\u00f3micas que necesita una provincia como la nuestra, con enormes falencias y vulnerabilidades\u201d, detall\u00f3.<\/p>\n\n\n\n<p class=\"wp-block-paragraph\">Agreg\u00f3 que \u201cpor eso estamos llevando adelante un proceso de reestructuraci\u00f3n de la deuda p\u00fablica privada bajo legislaci\u00f3n extranjera, que contin\u00faa abierto al di\u00e1logo, con el objetivo de alcanzar un acuerdo que permita recuperar la sostenibilidad de la deuda de la Provincia\u201d.<\/p>\n\n\n\n<p class=\"wp-block-paragraph\">\u201cDesde la provincia estamos llevando adelante una pol\u00edtica de financiamiento responsable sobre tres ejes: la reestructuraci\u00f3n de USD 7148 M de deuda en moneda extranjera con acreedores privados externos; la gesti\u00f3n de nuevas l\u00edneas de financiamiento y reactivaci\u00f3n de desembolsos de pr\u00e9stamos ya otorgados con Organismos de Cr\u00e9dito Multilaterales para obras de infraestructura; y el fortalecimiento del mercado local en pesos\u201d, concluy\u00f3 L\u00f3pez.<\/p>\n","protected":false},"excerpt":{"rendered":"<p>El ministro<\/p>\n","protected":false},"author":1,"featured_media":39574,"comment_status":"open","ping_status":"open","sticky":false,"template":"","format":"standard","meta":{"footnotes":""},"categories":[5],"tags":[],"class_list":["post-2343","post","type-post","status-publish","format-standard","has-post-thumbnail","hentry","category-provincia"],"_links":{"self":[{"href":"https:\/\/panoramadelsur.com.ar\/index.php?rest_route=\/wp\/v2\/posts\/2343","targetHints":{"allow":["GET"]}}],"collection":[{"href":"https:\/\/panoramadelsur.com.ar\/index.php?rest_route=\/wp\/v2\/posts"}],"about":[{"href":"https:\/\/panoramadelsur.com.ar\/index.php?rest_route=\/wp\/v2\/types\/post"}],"author":[{"embeddable":true,"href":"https:\/\/panoramadelsur.com.ar\/index.php?rest_route=\/wp\/v2\/users\/1"}],"replies":[{"embeddable":true,"href":"https:\/\/panoramadelsur.com.ar\/index.php?rest_route=%2Fwp%2Fv2%2Fcomments&post=2343"}],"version-history":[{"count":1,"href":"https:\/\/panoramadelsur.com.ar\/index.php?rest_route=\/wp\/v2\/posts\/2343\/revisions"}],"predecessor-version":[{"id":2345,"href":"https:\/\/panoramadelsur.com.ar\/index.php?rest_route=\/wp\/v2\/posts\/2343\/revisions\/2345"}],"wp:featuredmedia":[{"embeddable":true,"href":"https:\/\/panoramadelsur.com.ar\/index.php?rest_route=\/wp\/v2\/media\/39574"}],"wp:attachment":[{"href":"https:\/\/panoramadelsur.com.ar\/index.php?rest_route=%2Fwp%2Fv2%2Fmedia&parent=2343"}],"wp:term":[{"taxonomy":"category","embeddable":true,"href":"https:\/\/panoramadelsur.com.ar\/index.php?rest_route=%2Fwp%2Fv2%2Fcategories&post=2343"},{"taxonomy":"post_tag","embeddable":true,"href":"https:\/\/panoramadelsur.com.ar\/index.php?rest_route=%2Fwp%2Fv2%2Ftags&post=2343"}],"curies":[{"name":"wp","href":"https:\/\/api.w.org\/{rel}","templated":true}]}}