{"id":2396,"date":"2021-04-01T01:06:00","date_gmt":"2021-04-01T01:06:00","guid":{"rendered":"http:\/\/panoramadelsur.com.ar\/?p=2396"},"modified":"2021-04-01T16:12:42","modified_gmt":"2021-04-01T16:12:42","slug":"kulfas-el-crecimiento-es-la-base-fundamental-para-reducir-la-pobreza","status":"publish","type":"post","link":"https:\/\/panoramadelsur.com.ar\/?p=2396","title":{"rendered":"Kulfas: \u00abEl crecimiento es la base fundamental para reducir la pobreza\u00bb"},"content":{"rendered":"\n<p class=\"wp-block-paragraph\">El ministro de Desarrollo Productivo, Mat\u00edas Kulfas, afirm\u00f3 que las pol\u00edticas de contenci\u00f3n como el ATP y el IFE que se implementaron durante la pandemia por coronavirus \u00abevitaron da\u00f1os mayores\u00bb para la econom\u00eda argentina, pero que \u00abahora estamos en el camino del crecimiento, y el crecimiento es la base fundamental para reducir la pobreza\u00bb.<\/p>\n\n\n\n<p class=\"wp-block-paragraph\">En di\u00e1logo con Radio 10, Kulfas explic\u00f3 que \u00abtodo forma parte de un cuadro de situaci\u00f3n muy dif\u00edcil que vive la Argentina y al mismo tiempo que muestra algunas se\u00f1ales positivas\u00bb, en referencia a los \u00faltimos datos del Indec sobre la situaci\u00f3n de la pobreza en la Argentina.<\/p>\n\n\n\n<p class=\"wp-block-paragraph\">\u00abNos toc\u00f3 empezar la gesti\u00f3n despu\u00e9s de dos a\u00f1os de ca\u00edda muy fuerte como fueron 2018 y 1019, y mientras empez\u00e1bamos a ordenar la econom\u00eda para volver a recuperarnos vino la pandemia y ah\u00ed uno de los momentos m\u00e1s duros que tuvo que vivir la Argentina en las \u00faltimas d\u00e9cadas, que naturalmente y lamentablemente llev\u00f3 a este incremento de la pobreza\u00bb, manifest\u00f3 el ministro de Desarrollo Productivo.<\/p>\n\n\n\n<p class=\"wp-block-paragraph\">En este sentido, resalt\u00f3 que con las pol\u00edticas de contenci\u00f3n que se implementaron durante la pandemia, \u00abcomo el ATP que contuvo la p\u00e9rdida de empleos y el IFE que permiti\u00f3 generar un ingreso de emergencia, se evitaron da\u00f1os mucho mayores de los que se hubiesen producido\u00bb.<\/p>\n\n\n\n<p class=\"wp-block-paragraph\">El ministro Kulfas analiz\u00f3 que \u00abahora estamos en el camino del crecimiento, ya vemos desde enero una mejora en la actividad econ\u00f3mica y estamos viendo que el empleo se est\u00e1 recuperando\u00bb.<\/p>\n\n\n\n<p class=\"wp-block-paragraph\">Al respecto, mencion\u00f3 como ejemplo: \u00abtenemos ya ocho meses consecutivos de crecimiento del empleo de la industria, seis meses consecutivos en la construcci\u00f3n, es decir estos dos sectores est\u00e1n liderando el crecimiento y la recuperaci\u00f3n del empleo\u00bb.<\/p>\n\n\n\n<p class=\"wp-block-paragraph\">Tambi\u00e9n destac\u00f3 que \u00aben el sector de la Econom\u00eda del Conocimiento hay cerca de 8 mil b\u00fasquedas laborales en este momento activas, es decir que efectivamente, lo que vemos es que despu\u00e9s de un momento muy dif\u00edcil que fueron los \u00faltimos dos a\u00f1os de (Gobierno de Mauricio) Macri m\u00e1s el a\u00f1o de pandemia, estamos creciendo y el crecimiento es la base fundamental para reducir la pobreza\u201d<\/p>\n\n\n\n<p class=\"wp-block-paragraph\">En cuanto a la inflaci\u00f3n, el ministro Kulfas afirm\u00f3 que \u00abla expectativa que tenemos es en base a las pol\u00edticas macroecon\u00f3micas m\u00e1s el esquema de acuerdo que hemos ido trabajando con los sectores de la producci\u00f3n, vamos lograr una reducci\u00f3n de la inflaci\u00f3n\u00bb.<\/p>\n\n\n\n<p class=\"wp-block-paragraph\">Kulfas explic\u00f3 que \u00aben la Argentina tiene el problema de la econom\u00eda bimonetaria. Es un pa\u00eds donde tenemos algunos insumos dolarizados, porque son insumos importados y otros que se fabrican en el pa\u00eds, pero que al ser exportables terminan teniendo un precio referenciado al precio internacional. Insisto, no es un problema de este gobierno ni del anterior, es de varias d\u00e9cadas, es estructural y tenemos que modificarlo\u00bb, remarc\u00f3.<\/p>\n\n\n\n<p class=\"wp-block-paragraph\">Respecto de las mesas sectoriales, sostuvo: \u00abtenemos un gran desaf\u00edo con el sector empresario para alinear precios y revertir aumentos desmedidos. Si no hay resultados a trav\u00e9s del di\u00e1logo hay otras herramientas\u00bb.<\/p>\n\n\n\n<p class=\"wp-block-paragraph\">Kulfas tambi\u00e9n afirm\u00f3 que \u201cno ser\u00eda necesario\u201d recurrir a un cierre (de actividades) como el que tuvimos hace un a\u00f1o por una suba de casos por Covid-19, porque \u201cel sector productivo aprendi\u00f3 a producir en pandemia. Las industrias aplicaron protocolos, aprendieron y adecuaron toda su l\u00ednea de producci\u00f3n para ser parte de la soluci\u00f3n, y no parte del problema\u201d, concluy\u00f3.<\/p>\n","protected":false},"excerpt":{"rendered":"<p>El ministro<\/p>\n","protected":false},"author":1,"featured_media":39574,"comment_status":"open","ping_status":"open","sticky":false,"template":"","format":"standard","meta":{"footnotes":""},"categories":[4],"tags":[],"class_list":["post-2396","post","type-post","status-publish","format-standard","has-post-thumbnail","hentry","category-nacionales"],"_links":{"self":[{"href":"https:\/\/panoramadelsur.com.ar\/index.php?rest_route=\/wp\/v2\/posts\/2396","targetHints":{"allow":["GET"]}}],"collection":[{"href":"https:\/\/panoramadelsur.com.ar\/index.php?rest_route=\/wp\/v2\/posts"}],"about":[{"href":"https:\/\/panoramadelsur.com.ar\/index.php?rest_route=\/wp\/v2\/types\/post"}],"author":[{"embeddable":true,"href":"https:\/\/panoramadelsur.com.ar\/index.php?rest_route=\/wp\/v2\/users\/1"}],"replies":[{"embeddable":true,"href":"https:\/\/panoramadelsur.com.ar\/index.php?rest_route=%2Fwp%2Fv2%2Fcomments&post=2396"}],"version-history":[{"count":1,"href":"https:\/\/panoramadelsur.com.ar\/index.php?rest_route=\/wp\/v2\/posts\/2396\/revisions"}],"predecessor-version":[{"id":2397,"href":"https:\/\/panoramadelsur.com.ar\/index.php?rest_route=\/wp\/v2\/posts\/2396\/revisions\/2397"}],"wp:featuredmedia":[{"embeddable":true,"href":"https:\/\/panoramadelsur.com.ar\/index.php?rest_route=\/wp\/v2\/media\/39574"}],"wp:attachment":[{"href":"https:\/\/panoramadelsur.com.ar\/index.php?rest_route=%2Fwp%2Fv2%2Fmedia&parent=2396"}],"wp:term":[{"taxonomy":"category","embeddable":true,"href":"https:\/\/panoramadelsur.com.ar\/index.php?rest_route=%2Fwp%2Fv2%2Fcategories&post=2396"},{"taxonomy":"post_tag","embeddable":true,"href":"https:\/\/panoramadelsur.com.ar\/index.php?rest_route=%2Fwp%2Fv2%2Ftags&post=2396"}],"curies":[{"name":"wp","href":"https:\/\/api.w.org\/{rel}","templated":true}]}}