{"id":24869,"date":"2022-07-01T13:03:00","date_gmt":"2022-07-01T16:03:00","guid":{"rendered":"https:\/\/panoramadelsur.com.ar\/?p=24869"},"modified":"2022-07-01T19:23:58","modified_gmt":"2022-07-01T22:23:58","slug":"a-48-anos-de-la-muerte-de-peron-el-fdt-recordo-su-figura-con-un-mensaje-de-unidad","status":"publish","type":"post","link":"https:\/\/panoramadelsur.com.ar\/?p=24869","title":{"rendered":"A 48 A\u00d1OS DE LA MUERTE DE PER\u00d3N, EL FDT RECORD\u00d3 SU FIGURA CON UN MENSAJE DE UNIDAD"},"content":{"rendered":"\n<p class=\"wp-block-paragraph\">Funcionarios, gobernadores, intendentes y dirigentes del Frente de Todos recordaron hoy en redes sociales al expresidente y fundador del movimiento justicialista, Juan Domingo Per\u00f3n, a 48 a\u00f1os de su fallecimiento, con mensajes de unidad de todos los sectores del peronismo y remarcaron el rumbo del proyecto del Gobierno nacional en la b\u00fasqueda de \u00abuna sociedad m\u00e1s justa\u00bb.<\/p>\n\n\n\n<p class=\"wp-block-paragraph\">Con el hashtag #P\u00e9ronEterno, el Partido Justicialista (PJ) nacional -cuyo titular es el presidente Alberto Fern\u00e1ndez- public\u00f3 en su cuenta de Twitter: \u00abA 48 a\u00f1os de su partida, evocamos la figura de Juan Domingo Per\u00f3n, que con su liderazgo interpret\u00f3 cabalmente los anhelos del pueblo trabajador y llev\u00f3 adelante un extraordinario proceso de transformaciones en beneficio de las grandes mayor\u00edas\u00bb.<\/p>\n\n\n\n<p class=\"wp-block-paragraph\">Asimismo, el jefe de Gabinete, Juan Manzur, sostuvo que \u00abel ejemplo de nuestro l\u00edder \u2013Juan Per\u00f3n- nos convoca a redoblar esfuerzos para alcanzar una Patria m\u00e1s inclusiva, m\u00e1s justa y m\u00e1s soberana. Hoy y siempre recordaremos a Juan Domingo Per\u00f3n\u00bb.<\/p>\n\n\n\n<p class=\"wp-block-paragraph\">En tanto, el canciller Santiago Cafiero afirm\u00f3 que \u00abla vigencia de Per\u00f3n est\u00e1 en la doctrina, en sus palabras y en los hechos: impuls\u00f3 incansablemente una uni\u00f3n continental real y efectiva\u00bb y agreg\u00f3: \u00abTrabajar por la paz y la unidad de los pueblos de Am\u00e9rica Latina es un deber militante y un sincero compromiso con la historia\u00bb.<\/p>\n\n\n\n<p class=\"wp-block-paragraph\">A su turno, el ministro de Defensa, Jorge Taiana, evoc\u00f3 las palabras de Per\u00f3n sobre la importancia de la unidad que debe ser \u00abindestructible e infinita, para que nuestro pueblo no solamente posea la felicidad, sino que tambi\u00e9n sepa dignamente defenderla\u00bb.<\/p>\n\n\n\n<p class=\"wp-block-paragraph\">\u00abEn un nuevo aniversario de su fallecimiento, el General sigue guiando nuestro camino\u00bb, consider\u00f3 Taiana mientras que el ministro de Seguridad, An\u00edbal Fern\u00e1ndez, afirm\u00f3: \u00abJuan Per\u00f3n, 48 a\u00f1os. M\u00e1s vigente que nunca\u00bb.<\/p>\n\n\n\n<p class=\"wp-block-paragraph\">La senadora catamarque\u00f1a y vicepresidenta del PJ nacional, Luc\u00eda Corpacci, resalt\u00f3 que Per\u00f3n fue \u00abtres veces presidente y llev\u00f3 adelante un extraordinario proceso de transformaciones en beneficio de las grandes mayor\u00edas\u00bb.<\/p>\n\n\n\n<p class=\"wp-block-paragraph\">La vicepresidenta primera del PJ nacional y ministra bonaerense, Cristina \u00c1lvarez Rodr\u00edguez, afirm\u00f3: \u201cA 48 a\u00f1os de su paso a la inmortalidad, su legado nos gu\u00eda en la construcci\u00f3n de una Argentina m\u00e1s justa y equitativa\u201d.<\/p>\n\n\n\n<p class=\"wp-block-paragraph\">Por su parte, con la etiqueta #TodosUnidos, el gobernador de Formosa, Gildo Insfr\u00e1n, se\u00f1al\u00f3: \u00abHoy rendimos un profundo homenaje al creador del Movimiento Nacional Justicialista y transformador de nuestra Patria. Siempre en alto las banderas de la independencia econ\u00f3mica, la soberan\u00eda pol\u00edtica y la justicia social\u00bb.<\/p>\n\n\n\n<p class=\"wp-block-paragraph\">Omar Perotti, mandatario santafesino, manifest\u00f3 que \u00absiempre en nuestra memoria, el l\u00edder pol\u00edtico que nos leg\u00f3 derechos vitales y la obligaci\u00f3n de luchar por un mundo m\u00e1s justo. Seguimos levantando sus banderas: justicia social, independencia econ\u00f3mica y soberan\u00eda pol\u00edtica\u00bb.<\/p>\n\n\n\n<p class=\"wp-block-paragraph\">A su vez, la diputada nacional Victoria Tolosa Paz (FDT) asegur\u00f3 que \u00abPer\u00f3n vive en cada lucha y en cada conquista de las y los trabajadores\u00bb.<\/p>\n\n\n\n<p class=\"wp-block-paragraph\">El titular de la Agencia Federal de Inteligencia (AFI), Agust\u00edn Rossi, se\u00f1al\u00f3 que Per\u00f3n \u00absent\u00f3 las bases de una Argentina igualitaria, motor y motivo por lo que tanto luchamos quienes hoy levantamos su bandera\u00bb.<\/p>\n\n\n\n<p class=\"wp-block-paragraph\">Tambi\u00e9n Fernando Espinoza, intendente de La Matanza, destac\u00f3 la figura de Per\u00f3n \u00abcomo conductor y l\u00edder de un movimiento popular, nos dej\u00f3 un legado inalterable: priorizar a los m\u00e1s humildes y construir un pa\u00eds con m\u00e1s igualdad\u00bb.<\/p>\n\n\n\n<p class=\"wp-block-paragraph\">El secretario general de curtidores, Walter Correa, cit\u00f3 una frase de Per\u00f3n sobre la deuda externa y breg\u00f3 por \u00abla independencia econ\u00f3mica, la soberan\u00eda pol\u00edtica y la justicia social\u00bb, las tres banderas hist\u00f3ricas del justicialismo.<\/p>\n\n\n\n<p class=\"wp-block-paragraph\">El general Juan Domingo Per\u00f3n falleci\u00f3 el 1 de julio de 1974 en el ejercicio de su tercera presidencia constitucional, por lo que la vicepresidenta Mar\u00eda Estela Mart\u00ednez de Per\u00f3n, su entonces esposa, qued\u00f3 a cargo del Ejecutivo nacional. <\/p>\n","protected":false},"excerpt":{"rendered":"<p>Funcionarios, gobernadores,<\/p>\n","protected":false},"author":1,"featured_media":39574,"comment_status":"open","ping_status":"open","sticky":false,"template":"","format":"standard","meta":{"footnotes":""},"categories":[4],"tags":[],"class_list":["post-24869","post","type-post","status-publish","format-standard","has-post-thumbnail","hentry","category-nacionales"],"_links":{"self":[{"href":"https:\/\/panoramadelsur.com.ar\/index.php?rest_route=\/wp\/v2\/posts\/24869","targetHints":{"allow":["GET"]}}],"collection":[{"href":"https:\/\/panoramadelsur.com.ar\/index.php?rest_route=\/wp\/v2\/posts"}],"about":[{"href":"https:\/\/panoramadelsur.com.ar\/index.php?rest_route=\/wp\/v2\/types\/post"}],"author":[{"embeddable":true,"href":"https:\/\/panoramadelsur.com.ar\/index.php?rest_route=\/wp\/v2\/users\/1"}],"replies":[{"embeddable":true,"href":"https:\/\/panoramadelsur.com.ar\/index.php?rest_route=%2Fwp%2Fv2%2Fcomments&post=24869"}],"version-history":[{"count":1,"href":"https:\/\/panoramadelsur.com.ar\/index.php?rest_route=\/wp\/v2\/posts\/24869\/revisions"}],"predecessor-version":[{"id":24871,"href":"https:\/\/panoramadelsur.com.ar\/index.php?rest_route=\/wp\/v2\/posts\/24869\/revisions\/24871"}],"wp:featuredmedia":[{"embeddable":true,"href":"https:\/\/panoramadelsur.com.ar\/index.php?rest_route=\/wp\/v2\/media\/39574"}],"wp:attachment":[{"href":"https:\/\/panoramadelsur.com.ar\/index.php?rest_route=%2Fwp%2Fv2%2Fmedia&parent=24869"}],"wp:term":[{"taxonomy":"category","embeddable":true,"href":"https:\/\/panoramadelsur.com.ar\/index.php?rest_route=%2Fwp%2Fv2%2Fcategories&post=24869"},{"taxonomy":"post_tag","embeddable":true,"href":"https:\/\/panoramadelsur.com.ar\/index.php?rest_route=%2Fwp%2Fv2%2Ftags&post=24869"}],"curies":[{"name":"wp","href":"https:\/\/api.w.org\/{rel}","templated":true}]}}