{"id":2511,"date":"2021-04-06T10:43:38","date_gmt":"2021-04-06T10:43:38","guid":{"rendered":"http:\/\/panoramadelsur.com.ar\/?p=2511"},"modified":"2021-04-06T10:43:40","modified_gmt":"2021-04-06T10:43:40","slug":"el-parque-tecnopolis-se-convirtio-en-el-vacunatorio-bonaerense-numero-630-habilitado","status":"publish","type":"post","link":"https:\/\/panoramadelsur.com.ar\/?p=2511","title":{"rendered":"El Parque Tecn\u00f3polis se convirti\u00f3 en el vacunatorio bonaerense n\u00famero 630 habilitado"},"content":{"rendered":"\n<p class=\"wp-block-paragraph\">El Parque Tecn\u00f3polis comenz\u00f3 a aplicar la vacuna contra el coronavirus y se convirti\u00f3, as\u00ed, en el vacunatorio n\u00famero 630 que el gobierno bonaerense habilit\u00f3 especialmente para llevar adelante su plan de vacunaci\u00f3n, inform\u00f3 el Ministerio de Salud bonaerense.<\/p>\n\n\n\n<p class=\"wp-block-paragraph\">\u00abCon la llegada masiva de vacunas, seguimos ampliando la cantidad de postas de vacunaci\u00f3n. Tecn\u00f3polis vuelve a ser clave en la estrategia sanitaria y se convirti\u00f3 en el vacunatorio 630 abierto especialmente para la campa\u00f1a en @BAProvincia\u00bb, escribi\u00f3 la cartera sanitaria provincial en su cuenta oficial de Twitter.<\/p>\n\n\n\n<p class=\"wp-block-paragraph\">El a\u00f1o pasado, el Parque Tecn\u00f3polis funcion\u00f3 como un centro extrahospitalario para pacientes con coronavirus y el 3 de diciembre \u00faltimo cerr\u00f3 tras dar el alta a los 3 \u00faltimos pacientes albergados all\u00ed.<\/p>\n\n\n\n<p class=\"wp-block-paragraph\">Durante los 146 d\u00edas que funcion\u00f3 como centro para pacientes, el Parque aloj\u00f3 a unos 1.347 bonaerenses enfermos de coronavirus| durante la pandemia.<\/p>\n\n\n\n<p class=\"wp-block-paragraph\">El Parque Sanitario Tecn\u00f3polis se constituy\u00f3 como un espacio de cuidado integral preparado para pacientes asintom\u00e1ticos, o con s\u00edntomas muy leves de Covid-19 que no contaban con caracter\u00edsticas habitacionales en sus hogares que les permitieran cumplir con el aislamiento obligatorio, sin poner en riesgo a sus familiares, precis\u00f3 un comunicado de la cartera provincial.<\/p>\n\n\n\n<p class=\"wp-block-paragraph\">El Parque hab\u00eda recibido su primer paciente el 9 de julio de 2020, D\u00eda de la Independencia.<\/p>\n","protected":false},"excerpt":{"rendered":"<p>El Parque<\/p>\n","protected":false},"author":1,"featured_media":39574,"comment_status":"open","ping_status":"open","sticky":false,"template":"","format":"standard","meta":{"footnotes":""},"categories":[5],"tags":[],"class_list":["post-2511","post","type-post","status-publish","format-standard","has-post-thumbnail","hentry","category-provincia"],"_links":{"self":[{"href":"https:\/\/panoramadelsur.com.ar\/index.php?rest_route=\/wp\/v2\/posts\/2511","targetHints":{"allow":["GET"]}}],"collection":[{"href":"https:\/\/panoramadelsur.com.ar\/index.php?rest_route=\/wp\/v2\/posts"}],"about":[{"href":"https:\/\/panoramadelsur.com.ar\/index.php?rest_route=\/wp\/v2\/types\/post"}],"author":[{"embeddable":true,"href":"https:\/\/panoramadelsur.com.ar\/index.php?rest_route=\/wp\/v2\/users\/1"}],"replies":[{"embeddable":true,"href":"https:\/\/panoramadelsur.com.ar\/index.php?rest_route=%2Fwp%2Fv2%2Fcomments&post=2511"}],"version-history":[{"count":1,"href":"https:\/\/panoramadelsur.com.ar\/index.php?rest_route=\/wp\/v2\/posts\/2511\/revisions"}],"predecessor-version":[{"id":2513,"href":"https:\/\/panoramadelsur.com.ar\/index.php?rest_route=\/wp\/v2\/posts\/2511\/revisions\/2513"}],"wp:featuredmedia":[{"embeddable":true,"href":"https:\/\/panoramadelsur.com.ar\/index.php?rest_route=\/wp\/v2\/media\/39574"}],"wp:attachment":[{"href":"https:\/\/panoramadelsur.com.ar\/index.php?rest_route=%2Fwp%2Fv2%2Fmedia&parent=2511"}],"wp:term":[{"taxonomy":"category","embeddable":true,"href":"https:\/\/panoramadelsur.com.ar\/index.php?rest_route=%2Fwp%2Fv2%2Fcategories&post=2511"},{"taxonomy":"post_tag","embeddable":true,"href":"https:\/\/panoramadelsur.com.ar\/index.php?rest_route=%2Fwp%2Fv2%2Ftags&post=2511"}],"curies":[{"name":"wp","href":"https:\/\/api.w.org\/{rel}","templated":true}]}}