{"id":2526,"date":"2021-04-06T11:23:59","date_gmt":"2021-04-06T11:23:59","guid":{"rendered":"http:\/\/panoramadelsur.com.ar\/?p=2526"},"modified":"2021-04-06T11:24:01","modified_gmt":"2021-04-06T11:24:01","slug":"el-municipio-reabrio-la-patriada-como-centro-de-aislamiento","status":"publish","type":"post","link":"https:\/\/panoramadelsur.com.ar\/?p=2526","title":{"rendered":"El Municipio reabri\u00f3 \u201cLa Patriada\u201d como Centro de Aislamiento"},"content":{"rendered":"\n<p class=\"wp-block-paragraph\">El intendente -Andr\u00e9s Watson- recorri\u00f3 el ala del polideportivo municipal que fue restablecido como Centro de Aislamiento y ya est\u00e1 disponible para aquellas personas diagnosticadas con Covid-19 que no precisen internaci\u00f3n hospitalaria.&nbsp;<\/p>\n\n\n\n<p class=\"wp-block-paragraph\">\u201cEste predio, que funcion\u00f3 en la primera ola de coronavirus, decidimos no desarmarlo, previmos bien, cre\u00edmos bien sostener este lugar con 70 camas, destinadas para vecinos y vecinas que den positivo y no tengan d\u00f3nde aislarse por la estructura y organizaci\u00f3n de sus hogares\u201d, detall\u00f3 Watson. \u201cLo que se busca es que puedan resguardar a sus familias y lograr frenar la cadena de contagios\u201d, agreg\u00f3 el Jefe Distrital.<\/p>\n\n\n\n<p class=\"wp-block-paragraph\">\u201cDebimos habilitar nuevamente este centro en funci\u00f3n del crecimiento de casos\u201d, remarc\u00f3 el Alcalde que insisti\u00f3 con su mensaje a la comunidad de continuar sosteniendo las medidas y protocolos para darle batalla al Covid-19: \u201cDe las personas hisopadas hoy ac\u00e1 62% ya dieron positivo, lamentablemente la cantidad va en aumento, as\u00ed como sube el n\u00famero de inscriptos, el de vacunados, tambi\u00e9n lo hace el porcentaje de contagios\u201d.<\/p>\n\n\n\n<p class=\"wp-block-paragraph\">\u201cLe pido a la poblaci\u00f3n que sigamos manteniendo todos los cuidados sanitarios, nos cuidamos cada uno de nosotros, y al hacerlo, protegemos a nuestras familias, vecinos y toda la comunidad en su conjunto\u201d.&nbsp;<\/p>\n\n\n\n<p class=\"wp-block-paragraph\">Acompa\u00f1\u00f3 al intendente en su recorrido, el secretario de Salud -Rub\u00e9n Trepichio-. &nbsp;<\/p>\n","protected":false},"excerpt":{"rendered":"<p>El intendente<\/p>\n","protected":false},"author":1,"featured_media":39574,"comment_status":"open","ping_status":"open","sticky":false,"template":"","format":"standard","meta":{"footnotes":""},"categories":[1],"tags":[],"class_list":["post-2526","post","type-post","status-publish","format-standard","has-post-thumbnail","hentry","category-destacados"],"_links":{"self":[{"href":"https:\/\/panoramadelsur.com.ar\/index.php?rest_route=\/wp\/v2\/posts\/2526","targetHints":{"allow":["GET"]}}],"collection":[{"href":"https:\/\/panoramadelsur.com.ar\/index.php?rest_route=\/wp\/v2\/posts"}],"about":[{"href":"https:\/\/panoramadelsur.com.ar\/index.php?rest_route=\/wp\/v2\/types\/post"}],"author":[{"embeddable":true,"href":"https:\/\/panoramadelsur.com.ar\/index.php?rest_route=\/wp\/v2\/users\/1"}],"replies":[{"embeddable":true,"href":"https:\/\/panoramadelsur.com.ar\/index.php?rest_route=%2Fwp%2Fv2%2Fcomments&post=2526"}],"version-history":[{"count":1,"href":"https:\/\/panoramadelsur.com.ar\/index.php?rest_route=\/wp\/v2\/posts\/2526\/revisions"}],"predecessor-version":[{"id":2528,"href":"https:\/\/panoramadelsur.com.ar\/index.php?rest_route=\/wp\/v2\/posts\/2526\/revisions\/2528"}],"wp:featuredmedia":[{"embeddable":true,"href":"https:\/\/panoramadelsur.com.ar\/index.php?rest_route=\/wp\/v2\/media\/39574"}],"wp:attachment":[{"href":"https:\/\/panoramadelsur.com.ar\/index.php?rest_route=%2Fwp%2Fv2%2Fmedia&parent=2526"}],"wp:term":[{"taxonomy":"category","embeddable":true,"href":"https:\/\/panoramadelsur.com.ar\/index.php?rest_route=%2Fwp%2Fv2%2Fcategories&post=2526"},{"taxonomy":"post_tag","embeddable":true,"href":"https:\/\/panoramadelsur.com.ar\/index.php?rest_route=%2Fwp%2Fv2%2Ftags&post=2526"}],"curies":[{"name":"wp","href":"https:\/\/api.w.org\/{rel}","templated":true}]}}