{"id":2598,"date":"2021-04-08T01:05:00","date_gmt":"2021-04-08T01:05:00","guid":{"rendered":"http:\/\/panoramadelsur.com.ar\/?p=2598"},"modified":"2021-04-07T12:10:01","modified_gmt":"2021-04-07T12:10:01","slug":"de-pedro-concurre-este-jueves-al-congreso-para-dialogar-con-legisladores-sobre-calendario-electoral","status":"publish","type":"post","link":"https:\/\/panoramadelsur.com.ar\/?p=2598","title":{"rendered":"De Pedro concurre este jueves al Congreso para dialogar con legisladores sobre calendario electoral"},"content":{"rendered":"\n<p class=\"wp-block-paragraph\">El ministro del Interior, Eduardo \u00abWado\u00bb de Pedro, concurrir\u00e1 este jueves al Congreso Nacional para dialogar con legisladores sobre el calendario electoral, por pedido de los presidentes del interbloque Juntos por el Cambio, que solicitaron la postergaci\u00f3n del encuentro que se iba a realizar ayer.<\/p>\n\n\n\n<p class=\"wp-block-paragraph\">As\u00ed lo confirmaron fuentes del Ministerio del Interior, que precisaron que el encuentro se realizar\u00e1 este jueves por la tarde.<\/p>\n\n\n\n<p class=\"wp-block-paragraph\">El ministro remarc\u00f3 que la preocupaci\u00f3n del Gobierno nacional es \u00abla salud\u00bb de la poblaci\u00f3n ante la presencia de la segunda ola de coronavirus, con 20.870 casos de contagios registrados el martes y \u00abno las PASO\u00bb (primarias abiertas, simult\u00e1neas y obligatorias), en di\u00e1logo con la prensa acreditada en Casa de Gobierno.<\/p>\n\n\n\n<p class=\"wp-block-paragraph\">La idea del Gobierno, seg\u00fan comunic\u00f3 De Pedro, es \u00abevitar la concentraci\u00f3n de gente\u00bb en lugares cerrados en los meses de invierno, para reducir la circulaci\u00f3n del coronavirus en pos de cuidar \u00abla salud de los argentinos\u00bb.<\/p>\n\n\n\n<p class=\"wp-block-paragraph\">El funcionario fue invitado por legisladores nacionales de diversas bancadas para dialogar en el \u00e1mbito del Congreso y buscar generar consensos con sectores opositores sobre el calendario electoral.<\/p>\n\n\n\n<p class=\"wp-block-paragraph\">El martes, tras una reuni\u00f3n que mantuvo en forma presencial, Juntos por el Cambio dio un adelanto de lo que ser\u00e1 su posici\u00f3n, al informar, tras el encuentro, que le parece \u00abinoportuno estar discutiendo sobre cuestiones electorales\u00bb.<\/p>\n\n\n\n<p class=\"wp-block-paragraph\">Asimismo, De Pedro hab\u00eda reforzado la idea del presidente Alberto Fern\u00e1ndez de que la discusi\u00f3n sobre las PASO se explica por la cuesti\u00f3n sanitaria y que debe alejarse de la idea de \u00abla especulaci\u00f3n\u00bb.<\/p>\n\n\n\n<p class=\"wp-block-paragraph\">\u00abNosotros no estamos pensando en si vamos a poder sacar un diputado m\u00e1s o menos. La gente tiene decidido su voto y aquellos que a\u00fan no, no van a definirse de acuerdo a la fecha en que tenga que votar\u00bb, hab\u00edan se\u00f1alado en Casa de Gobierno.<\/p>\n\n\n\n<p class=\"wp-block-paragraph\">Los voceros asumieron tambi\u00e9n que \u00absalvo algunos sectores caracterizados\u00bb, la \u00abmayor parte de la oposici\u00f3n, y sobre todo la que tiene que gobernar, admite que la salud est\u00e1 primero\u00bb.<\/p>\n\n\n\n<p class=\"wp-block-paragraph\">Por ello, De Pedro concurrir\u00e1 al Congreso para trabajar sobre un proyecto de ley que lleva la firma de dos diputados radicales, que reconoce la crisis sanitaria y propone que las primarias abiertas, simult\u00e1neas y obligatorias se realicen en septiembre.<\/p>\n\n\n\n<p class=\"wp-block-paragraph\">Se trata del proyecto de la diputada Carla Carrizo y el diputado Emiliano Yacobitti, ambos radicales, que reconocen la crisis sanitaria y ubica las PASO en septiembre, el momento en que empieza a bajar la tasa de casos de enfermedades respiratorias.<\/p>\n\n\n\n<p class=\"wp-block-paragraph\">La visita de De Pedro al Congreso tambi\u00e9n se relaciona con la posici\u00f3n del jefe de Estado, Alberto Fern\u00e1ndez, quien hab\u00eda manifestado que cualquier modificaci\u00f3n electoral deb\u00eda salir del Poder Legislativo y que, para ello, deb\u00eda conseguir consenso multipartidario.<\/p>\n","protected":false},"excerpt":{"rendered":"<p>El ministro<\/p>\n","protected":false},"author":1,"featured_media":39574,"comment_status":"open","ping_status":"open","sticky":false,"template":"","format":"standard","meta":{"footnotes":""},"categories":[4],"tags":[],"class_list":["post-2598","post","type-post","status-publish","format-standard","has-post-thumbnail","hentry","category-nacionales"],"_links":{"self":[{"href":"https:\/\/panoramadelsur.com.ar\/index.php?rest_route=\/wp\/v2\/posts\/2598","targetHints":{"allow":["GET"]}}],"collection":[{"href":"https:\/\/panoramadelsur.com.ar\/index.php?rest_route=\/wp\/v2\/posts"}],"about":[{"href":"https:\/\/panoramadelsur.com.ar\/index.php?rest_route=\/wp\/v2\/types\/post"}],"author":[{"embeddable":true,"href":"https:\/\/panoramadelsur.com.ar\/index.php?rest_route=\/wp\/v2\/users\/1"}],"replies":[{"embeddable":true,"href":"https:\/\/panoramadelsur.com.ar\/index.php?rest_route=%2Fwp%2Fv2%2Fcomments&post=2598"}],"version-history":[{"count":1,"href":"https:\/\/panoramadelsur.com.ar\/index.php?rest_route=\/wp\/v2\/posts\/2598\/revisions"}],"predecessor-version":[{"id":2599,"href":"https:\/\/panoramadelsur.com.ar\/index.php?rest_route=\/wp\/v2\/posts\/2598\/revisions\/2599"}],"wp:featuredmedia":[{"embeddable":true,"href":"https:\/\/panoramadelsur.com.ar\/index.php?rest_route=\/wp\/v2\/media\/39574"}],"wp:attachment":[{"href":"https:\/\/panoramadelsur.com.ar\/index.php?rest_route=%2Fwp%2Fv2%2Fmedia&parent=2598"}],"wp:term":[{"taxonomy":"category","embeddable":true,"href":"https:\/\/panoramadelsur.com.ar\/index.php?rest_route=%2Fwp%2Fv2%2Fcategories&post=2598"},{"taxonomy":"post_tag","embeddable":true,"href":"https:\/\/panoramadelsur.com.ar\/index.php?rest_route=%2Fwp%2Fv2%2Ftags&post=2598"}],"curies":[{"name":"wp","href":"https:\/\/api.w.org\/{rel}","templated":true}]}}