{"id":26027,"date":"2022-07-20T01:05:00","date_gmt":"2022-07-20T04:05:00","guid":{"rendered":"https:\/\/panoramadelsur.com.ar\/?p=26027"},"modified":"2022-07-19T08:56:01","modified_gmt":"2022-07-19T11:56:01","slug":"masiva-concurrencia-en-el-torneo-de-patinaje-de-velocidad-en-la-patriada","status":"publish","type":"post","link":"https:\/\/panoramadelsur.com.ar\/?p=26027","title":{"rendered":"MASIVA CONCURRENCIA EN EL TORNEO DE PATINAJE DE VELOCIDAD EN \u00abLA PATRIADA\u00bb"},"content":{"rendered":"\n<p class=\"wp-block-paragraph\">El Polideportivo Municipal recibi\u00f3 a m\u00e1s de 300 personas de diferentes puntos del Gran Buenos Aires y Capital Federal con el Campeonato Metropolitano Indoor 2022 como contexto donde participaron chicos y chicas de 6 a 18 a\u00f1os.<\/p>\n\n\n\n<p class=\"wp-block-paragraph\">La coach y coordinadora de la Subsecretar\u00eda de Deportes y Recreaci\u00f3n -Vanesa Pazos- manifest\u00f3 que el evento \u201csuper\u00f3 las expectativas a ra\u00edz de la cantidad de concurrentes que demostraron su inter\u00e9s por la pr\u00e1ctica. Adem\u00e1s, contaron con la posibilidad de asistir junto a sus familias quienes les brindaron su apoyo\u201d.<\/p>\n\n\n\n<p class=\"wp-block-paragraph\">\u201cLos y las atletas, el p\u00fablico m\u00e1s las y los organizadores quedaron fascinados por&nbsp; el complejo de Av. Novak y Bonn: su amplitud, comodidad\u201d, afirm\u00f3 para luego destacar que los programadores de la iniciativa -la Asociaci\u00f3n de Patinadores Metropolitanos con respaldo de la Confederaci\u00f3n Argentina de esa disciplina- comprobaron \u201cel compromiso impulsado por la Comuna en el crecimiento de la actividad\u201d.<\/p>\n\n\n\n<p class=\"wp-block-paragraph\">La competici\u00f3n fue dividida en dos categor\u00edas. Sus ganadores y ganadoras resultaron:<\/p>\n\n\n\n<p class=\"wp-block-paragraph\">\u201cEscuela e intermedia\u201d<\/p>\n\n\n\n<p class=\"wp-block-paragraph\">1ero: ADDEGRO, 627 puntos.<\/p>\n\n\n\n<p class=\"wp-block-paragraph\">2do: Italiano, 571 puntos.<\/p>\n\n\n\n<p class=\"wp-block-paragraph\">3ero: CERMUN, 524 puntos.<\/p>\n\n\n\n<p class=\"wp-block-paragraph\">4to: Defensores de Moreno, 481 puntos.<\/p>\n\n\n\n<p class=\"wp-block-paragraph\">\u201cFederados\u201d<\/p>\n\n\n\n<p class=\"wp-block-paragraph\">1ero: CERMUN, 987 puntos.<\/p>\n\n\n\n<p class=\"wp-block-paragraph\">2do: Social Paso del Rey, 270 puntos.<\/p>\n\n\n\n<p class=\"wp-block-paragraph\">3ero: Polideportivo N\u00ba1 Berazategui, 107 puntos.<\/p>\n\n\n\n<p class=\"wp-block-paragraph\">4to: ADDEGRO, 60 puntos.<\/p>\n","protected":false},"excerpt":{"rendered":"<p>El Polideportivo<\/p>\n","protected":false},"author":1,"featured_media":39574,"comment_status":"open","ping_status":"open","sticky":false,"template":"","format":"standard","meta":{"footnotes":""},"categories":[6],"tags":[30],"class_list":["post-26027","post","type-post","status-publish","format-standard","has-post-thumbnail","hentry","category-deportes","tag-varela"],"_links":{"self":[{"href":"https:\/\/panoramadelsur.com.ar\/index.php?rest_route=\/wp\/v2\/posts\/26027","targetHints":{"allow":["GET"]}}],"collection":[{"href":"https:\/\/panoramadelsur.com.ar\/index.php?rest_route=\/wp\/v2\/posts"}],"about":[{"href":"https:\/\/panoramadelsur.com.ar\/index.php?rest_route=\/wp\/v2\/types\/post"}],"author":[{"embeddable":true,"href":"https:\/\/panoramadelsur.com.ar\/index.php?rest_route=\/wp\/v2\/users\/1"}],"replies":[{"embeddable":true,"href":"https:\/\/panoramadelsur.com.ar\/index.php?rest_route=%2Fwp%2Fv2%2Fcomments&post=26027"}],"version-history":[{"count":1,"href":"https:\/\/panoramadelsur.com.ar\/index.php?rest_route=\/wp\/v2\/posts\/26027\/revisions"}],"predecessor-version":[{"id":26029,"href":"https:\/\/panoramadelsur.com.ar\/index.php?rest_route=\/wp\/v2\/posts\/26027\/revisions\/26029"}],"wp:featuredmedia":[{"embeddable":true,"href":"https:\/\/panoramadelsur.com.ar\/index.php?rest_route=\/wp\/v2\/media\/39574"}],"wp:attachment":[{"href":"https:\/\/panoramadelsur.com.ar\/index.php?rest_route=%2Fwp%2Fv2%2Fmedia&parent=26027"}],"wp:term":[{"taxonomy":"category","embeddable":true,"href":"https:\/\/panoramadelsur.com.ar\/index.php?rest_route=%2Fwp%2Fv2%2Fcategories&post=26027"},{"taxonomy":"post_tag","embeddable":true,"href":"https:\/\/panoramadelsur.com.ar\/index.php?rest_route=%2Fwp%2Fv2%2Ftags&post=26027"}],"curies":[{"name":"wp","href":"https:\/\/api.w.org\/{rel}","templated":true}]}}