{"id":26039,"date":"2022-07-20T01:03:00","date_gmt":"2022-07-20T04:03:00","guid":{"rendered":"https:\/\/panoramadelsur.com.ar\/?p=26039"},"modified":"2022-07-20T13:49:26","modified_gmt":"2022-07-20T16:49:26","slug":"la-memoria-como-bandera-apertura-de-archivos-del-hospital-boccuzzi","status":"publish","type":"post","link":"https:\/\/panoramadelsur.com.ar\/?p=26039","title":{"rendered":"LA MEMORIA COMO BANDERA: APERTURA DE ARCHIVOS DEL HOSPITAL \u00abBOCCUZZI\u00bb"},"content":{"rendered":"\n<p class=\"wp-block-paragraph\">Por iniciativa de la Comuna de Florencio Varela, estipularon para el jueves 21 julio a las 10 hs. en el Hospital Zonal General de Agudos \u201cMi Pueblo\u201d -situado sobre Mainini N\u00ba240- dar a conocer 69 libros de actas sobre nacimientos, partos domiciliarios, entre otros datos, pertenecientes al periodo de la dictadura c\u00edvico-militar entre 1976 y 1983.&nbsp;<\/p>\n\n\n\n<p class=\"wp-block-paragraph\">\u201cFue una lucha de a\u00f1os que no abandonamos. Ahora, lo logramos\u201d, afirm\u00f3 el director de Derechos Humanos local -Guillermo \u201cCuco\u201d \u00d1\u00e1\u00f1ez- en una entrevista con la Radio Municipal donde anunci\u00f3: \u201cDispusimos digitalizar los documentos que estuvieron en resguardo del nosocomio \u2018Mi Pueblo\u2019 y con ello completar el Archivo por la Memoria de Florencio Varela\u201d.<\/p>\n\n\n\n<p class=\"wp-block-paragraph\">A principios del 2021, los Ministerios de Salud, Justicia y Derechos Humanos bonaerense firmaron un convenio de cooperaci\u00f3n mediante el cual establecimientos sanitarios pudieran ofrecer informaci\u00f3n sobre la desaparici\u00f3n forzada de personas, muerte, sustracci\u00f3n de menores y otras violaciones ocurridas en el \u00faltimo Golpe de Estado, para despu\u00e9s ser enviadas al Archivo Provincial de la Memoria.<\/p>\n\n\n\n<p class=\"wp-block-paragraph\">El titular del \u00e1rea remarc\u00f3 \u201cla voluntad pol\u00edtica del intendente Andr\u00e9s Watson, que brind\u00f3 su determinaci\u00f3n y las herramientas para seguir en este camino\u201d.<\/p>\n\n\n\n<p class=\"wp-block-paragraph\">\u201cUn gran trabajo para las futuras generaciones\u201d, reflexion\u00f3 el funcionario acerca de escritos de sumo inter\u00e9s en el seguimiento de las causas por lesa humanidad y el derecho a la identidad. \u201cUn fondo documental significativo. Convertimos 10 mil folios de las comunicaciones entre la Comisar\u00eda Primera y el Cementerio distrital. Solo nos faltaba esto\u201d, agreg\u00f3.<\/p>\n\n\n\n<p class=\"wp-block-paragraph\">\u201cCuando uno cre\u00eda que todo estaba por cerrarse, el pasado volvi\u00f3 y la verdad tambi\u00e9n. Nunca m\u00e1s\u201d, concluy\u00f3 \u00d1\u00e1\u00f1ez.<\/p>\n","protected":false},"excerpt":{"rendered":"<p>Por iniciativa<\/p>\n","protected":false},"author":1,"featured_media":39574,"comment_status":"open","ping_status":"open","sticky":false,"template":"","format":"standard","meta":{"footnotes":""},"categories":[8,3],"tags":[],"class_list":["post-26039","post","type-post","status-publish","format-standard","has-post-thumbnail","hentry","category-para-agendar","category-regionales"],"_links":{"self":[{"href":"https:\/\/panoramadelsur.com.ar\/index.php?rest_route=\/wp\/v2\/posts\/26039","targetHints":{"allow":["GET"]}}],"collection":[{"href":"https:\/\/panoramadelsur.com.ar\/index.php?rest_route=\/wp\/v2\/posts"}],"about":[{"href":"https:\/\/panoramadelsur.com.ar\/index.php?rest_route=\/wp\/v2\/types\/post"}],"author":[{"embeddable":true,"href":"https:\/\/panoramadelsur.com.ar\/index.php?rest_route=\/wp\/v2\/users\/1"}],"replies":[{"embeddable":true,"href":"https:\/\/panoramadelsur.com.ar\/index.php?rest_route=%2Fwp%2Fv2%2Fcomments&post=26039"}],"version-history":[{"count":1,"href":"https:\/\/panoramadelsur.com.ar\/index.php?rest_route=\/wp\/v2\/posts\/26039\/revisions"}],"predecessor-version":[{"id":26040,"href":"https:\/\/panoramadelsur.com.ar\/index.php?rest_route=\/wp\/v2\/posts\/26039\/revisions\/26040"}],"wp:featuredmedia":[{"embeddable":true,"href":"https:\/\/panoramadelsur.com.ar\/index.php?rest_route=\/wp\/v2\/media\/39574"}],"wp:attachment":[{"href":"https:\/\/panoramadelsur.com.ar\/index.php?rest_route=%2Fwp%2Fv2%2Fmedia&parent=26039"}],"wp:term":[{"taxonomy":"category","embeddable":true,"href":"https:\/\/panoramadelsur.com.ar\/index.php?rest_route=%2Fwp%2Fv2%2Fcategories&post=26039"},{"taxonomy":"post_tag","embeddable":true,"href":"https:\/\/panoramadelsur.com.ar\/index.php?rest_route=%2Fwp%2Fv2%2Ftags&post=26039"}],"curies":[{"name":"wp","href":"https:\/\/api.w.org\/{rel}","templated":true}]}}