{"id":2604,"date":"2021-04-08T01:05:00","date_gmt":"2021-04-08T01:05:00","guid":{"rendered":"http:\/\/panoramadelsur.com.ar\/?p=2604"},"modified":"2021-04-07T12:47:38","modified_gmt":"2021-04-07T12:47:38","slug":"gobierno-oficializo-el-nuevo-regimen-de-fomento-de-inversiones","status":"publish","type":"post","link":"https:\/\/panoramadelsur.com.ar\/?p=2604","title":{"rendered":"Gobierno oficializ\u00f3 el Nuevo R\u00e9gimen de Fomento de Inversiones"},"content":{"rendered":"\n<p class=\"wp-block-paragraph\">El Gobierno formaliz\u00f3 el Nuevo R\u00e9gimen de Fomento de Inversiones para las Exportaciones, a trav\u00e9s del decreto 234\/2021 publicado en el Bolet\u00edn Oficial.<\/p>\n\n\n\n<p class=\"wp-block-paragraph\">El R\u00e9gimen buscar\u00e1 dar previsibilidad a la inversi\u00f3n extranjera directa o a la nacional financiada con cr\u00e9dito externo, siempre destinadas a incrementar las ventas externas.<\/p>\n\n\n\n<p class=\"wp-block-paragraph\">Esta nueva herramienta fue anunciada el martes en un encuentro que encabez\u00f3 el presidente Alberto Fern\u00e1ndez, ante dirigentes empresariales de la industria automotriz y de los hidrocarburos.<\/p>\n\n\n\n<p class=\"wp-block-paragraph\">Con este R\u00e9gimen, el Gobierno busca incrementar las exportaciones, crear m\u00e1s empleo, fortalecer la competitividad de diversos sectores econ\u00f3micos y fomentar un crecimiento econ\u00f3mico sustentable.<\/p>\n\n\n\n<p class=\"wp-block-paragraph\">\u201cQueremos proteger al que conf\u00eda en la Argentina, invierte en la Argentina y gana en la Argentina y despu\u00e9s necesita pagar compromisos que ha tomado en el exterior\u00bb, asegur\u00f3 el Presidente, quien explic\u00f3 que este nuevo r\u00e9gimen normativo \u201ces una se\u00f1al clara de cu\u00e1l es nuestro \u00e1nimo, nuestra vocaci\u00f3n\u201d.<\/p>\n\n\n\n<p class=\"wp-block-paragraph\">De acuerdo al decreto, el beneficio, que tendr\u00e1 una duraci\u00f3n de 15 a\u00f1os, requiere la presentaci\u00f3n de un proyecto de inversi\u00f3n no menor a los US$ 100 millones, y tendr\u00e1 al Ministerio de Desarrollo Productivo como autoridad de aplicaci\u00f3n, por lo que apunta en particular a proyectos de la industrias de los hidrocarburos, automotriz, minera, foresto industrial o agroindustrial, principalmente.<\/p>\n\n\n\n<p class=\"wp-block-paragraph\">El nuevo esquema prev\u00e9 que el 20% de las divisas obtenidas en las exportaciones vinculadas a una nueva inversi\u00f3n ser\u00e1n de libre aplicaci\u00f3n, y el tope m\u00e1ximo anual es el equivalente al 25% del monto bruto de divisas ingresadas para el proyecto.<\/p>\n\n\n\n<p class=\"wp-block-paragraph\">El destino de esos fondos podr\u00e1 ser el pago de capital e intereses de pasivos en el exterior, utilidades y dividendos de balances cerrados y auditados, y repatriaci\u00f3n de inversiones directas de no residentes.<\/p>\n\n\n\n<p class=\"wp-block-paragraph\">Si los cobros de las exportaciones no se aplicaran inmediatamente a los usos previstos, los fondos podr\u00e1n ser depositados hasta su utilizaci\u00f3n en cuentas en el exterior de entidades financieras argentinas o en cuentas locales en moneda extranjera en bancos argentinos.<\/p>\n\n\n\n<p class=\"wp-block-paragraph\">El r\u00e9gimen se aplica a nuevos proyectos o para aquellos ya establecidos pero que busquen ampliar su capacidad productiva a fin de exportar.<\/p>\n\n\n\n<p class=\"wp-block-paragraph\">El decreto tambi\u00e9n aclar\u00f3 que no se consideran como inversiones a las colocaciones financieras o de portafolio; a la fusi\u00f3n o adquisici\u00f3n de empresas; o a la compra de cuotas o acciones o participaciones societarias.<\/p>\n","protected":false},"excerpt":{"rendered":"<p>El Gobierno<\/p>\n","protected":false},"author":1,"featured_media":39574,"comment_status":"open","ping_status":"open","sticky":false,"template":"","format":"standard","meta":{"footnotes":""},"categories":[4],"tags":[],"class_list":["post-2604","post","type-post","status-publish","format-standard","has-post-thumbnail","hentry","category-nacionales"],"_links":{"self":[{"href":"https:\/\/panoramadelsur.com.ar\/index.php?rest_route=\/wp\/v2\/posts\/2604","targetHints":{"allow":["GET"]}}],"collection":[{"href":"https:\/\/panoramadelsur.com.ar\/index.php?rest_route=\/wp\/v2\/posts"}],"about":[{"href":"https:\/\/panoramadelsur.com.ar\/index.php?rest_route=\/wp\/v2\/types\/post"}],"author":[{"embeddable":true,"href":"https:\/\/panoramadelsur.com.ar\/index.php?rest_route=\/wp\/v2\/users\/1"}],"replies":[{"embeddable":true,"href":"https:\/\/panoramadelsur.com.ar\/index.php?rest_route=%2Fwp%2Fv2%2Fcomments&post=2604"}],"version-history":[{"count":1,"href":"https:\/\/panoramadelsur.com.ar\/index.php?rest_route=\/wp\/v2\/posts\/2604\/revisions"}],"predecessor-version":[{"id":2606,"href":"https:\/\/panoramadelsur.com.ar\/index.php?rest_route=\/wp\/v2\/posts\/2604\/revisions\/2606"}],"wp:featuredmedia":[{"embeddable":true,"href":"https:\/\/panoramadelsur.com.ar\/index.php?rest_route=\/wp\/v2\/media\/39574"}],"wp:attachment":[{"href":"https:\/\/panoramadelsur.com.ar\/index.php?rest_route=%2Fwp%2Fv2%2Fmedia&parent=2604"}],"wp:term":[{"taxonomy":"category","embeddable":true,"href":"https:\/\/panoramadelsur.com.ar\/index.php?rest_route=%2Fwp%2Fv2%2Fcategories&post=2604"},{"taxonomy":"post_tag","embeddable":true,"href":"https:\/\/panoramadelsur.com.ar\/index.php?rest_route=%2Fwp%2Fv2%2Ftags&post=2604"}],"curies":[{"name":"wp","href":"https:\/\/api.w.org\/{rel}","templated":true}]}}