{"id":26061,"date":"2022-07-20T01:09:00","date_gmt":"2022-07-20T04:09:00","guid":{"rendered":"https:\/\/panoramadelsur.com.ar\/?p=26061"},"modified":"2022-07-19T16:35:33","modified_gmt":"2022-07-19T19:35:33","slug":"estudiantes-busca-su-recuperacion-ante-barracas-central","status":"publish","type":"post","link":"https:\/\/panoramadelsur.com.ar\/?p=26061","title":{"rendered":"ESTUDIANTES BUSCA SU RECUPERACI\u00d3N ANTE BARRACAS CENTRAL"},"content":{"rendered":"\n<p class=\"wp-block-paragraph\">Estudiantes de La Plata, atrapado en una racha adversa, buscar\u00e1 este mi\u00e9rcoles su recuperaci\u00f3n cuando reciba a Barracas Central por la novena fecha de la Liga Profesional de f\u00fatbol.<\/p>\n\n\n\n<p class=\"wp-block-paragraph\">El partido en el Estadio UNO Jorge Luis Hirschi de La Plata comenzar\u00e1 a las 19.00, con el arbitraje de Pablo Echavarr\u00eda y transmisi\u00f3n de TNT Sports.<\/p>\n\n\n\n<p class=\"wp-block-paragraph\">En el \u00faltimo mes, el \u00abPincha\u00bb gan\u00f3 apenas un partido, el que le otorg\u00f3 el pase a los octavos de final de la Copa Libertadores: 3-0 a Fortaleza de Brasil como local.<\/p>\n\n\n\n<p class=\"wp-block-paragraph\">Desde la derrota con Independiente (1-2), el 20 de junio por la cuarta fecha, el equipo de Ricardo Zielinski no volvi\u00f3 a ganar (4 ca\u00eddas y 1 empate) y adem\u00e1s qued\u00f3 eliminado de la Copa Argentina ante los suplentes de Belgrano de C\u00f3rdoba, l\u00edder de la Primera Nacional.<\/p>\n\n\n\n<p class=\"wp-block-paragraph\">As\u00ed, Estudiantes se hundi\u00f3 en los \u00faltimos puesto de la LPF con 8 unidades, una menos que Barracas. Su entrenador, el \u00abRuso\u00bb Zielinski, sigue afectado por Covid, por lo que el equipo ser\u00e1 dirigido este mi\u00e9rcoles por la dupla Emmanuel Depaoli- Adri\u00e1n Czornomaz.<\/p>\n\n\n\n<p class=\"wp-block-paragraph\">Ambos equipos vienen de perder el pasado fin de semana: el \u00abPincha\u00bb, en su visita a Tigre, y el \u00abGuapo\u00bb, de local ante Argentinos Juniors.<\/p>\n\n\n\n<p class=\"wp-block-paragraph\">En la era profesional s\u00f3lo registran un antecedente: la goleada 6-1 a favor de Estudiantes en la pasada Copa LPF, el 16 de abril. Por el amateurismo, jugaron en 6 ocasiones, con 2 triunfos platenses y 4 empates.<\/p>\n\n\n\n<p class=\"wp-block-paragraph\">&#8211;Posibles formaciones&#8211;<\/p>\n\n\n\n<p class=\"wp-block-paragraph\">Estudiantes (La Plata): Mariano And\u00fajar; Leonardo Godoy, Luciano Lollo, Jorge Morel y Emmanuel Mas; Manuel Castro, Jorge Rodr\u00edguez, Fernando Zuqui y Franco Zapiola o Benjam\u00edn Rollheiser; Pablo Piatti o Leonardo Heredia y Leandro D\u00edaz. DT: Emmanuel Depaoli-Adri\u00e1n Czornomaz.<\/p>\n\n\n\n<p class=\"wp-block-paragraph\">Barracas Central: Maximiliano Gagliardo; Brian Blasi, Brian Salvareschi, Gonzalo Paz y Juan Ignacio D\u00edaz; Facundo Mater, Carlos Arce, Brian Calderara e Iv\u00e1n Tapia; Bruno Sep\u00falveda y Neri Bandiera. DT: Alfredo Berti.<\/p>\n\n\n\n<p class=\"wp-block-paragraph\">\u00c1rbitro: Pablo Echavarr\u00eda.<\/p>\n\n\n\n<p class=\"wp-block-paragraph\">Estadio: Estudiantes de La Plata.<\/p>\n\n\n\n<p class=\"wp-block-paragraph\">Hora de inicio: 19:00.<\/p>\n\n\n\n<p class=\"wp-block-paragraph\">TV: TNT Sports. <\/p>\n","protected":false},"excerpt":{"rendered":"<p>Estudiantes de<\/p>\n","protected":false},"author":1,"featured_media":39574,"comment_status":"open","ping_status":"open","sticky":false,"template":"","format":"standard","meta":{"footnotes":""},"categories":[6],"tags":[22,29,50],"class_list":["post-26061","post","type-post","status-publish","format-standard","has-post-thumbnail","hentry","category-deportes","tag-futbol","tag-liga-profesional","tag-lpf"],"_links":{"self":[{"href":"https:\/\/panoramadelsur.com.ar\/index.php?rest_route=\/wp\/v2\/posts\/26061","targetHints":{"allow":["GET"]}}],"collection":[{"href":"https:\/\/panoramadelsur.com.ar\/index.php?rest_route=\/wp\/v2\/posts"}],"about":[{"href":"https:\/\/panoramadelsur.com.ar\/index.php?rest_route=\/wp\/v2\/types\/post"}],"author":[{"embeddable":true,"href":"https:\/\/panoramadelsur.com.ar\/index.php?rest_route=\/wp\/v2\/users\/1"}],"replies":[{"embeddable":true,"href":"https:\/\/panoramadelsur.com.ar\/index.php?rest_route=%2Fwp%2Fv2%2Fcomments&post=26061"}],"version-history":[{"count":1,"href":"https:\/\/panoramadelsur.com.ar\/index.php?rest_route=\/wp\/v2\/posts\/26061\/revisions"}],"predecessor-version":[{"id":26063,"href":"https:\/\/panoramadelsur.com.ar\/index.php?rest_route=\/wp\/v2\/posts\/26061\/revisions\/26063"}],"wp:featuredmedia":[{"embeddable":true,"href":"https:\/\/panoramadelsur.com.ar\/index.php?rest_route=\/wp\/v2\/media\/39574"}],"wp:attachment":[{"href":"https:\/\/panoramadelsur.com.ar\/index.php?rest_route=%2Fwp%2Fv2%2Fmedia&parent=26061"}],"wp:term":[{"taxonomy":"category","embeddable":true,"href":"https:\/\/panoramadelsur.com.ar\/index.php?rest_route=%2Fwp%2Fv2%2Fcategories&post=26061"},{"taxonomy":"post_tag","embeddable":true,"href":"https:\/\/panoramadelsur.com.ar\/index.php?rest_route=%2Fwp%2Fv2%2Ftags&post=26061"}],"curies":[{"name":"wp","href":"https:\/\/api.w.org\/{rel}","templated":true}]}}