{"id":26064,"date":"2022-07-20T01:08:00","date_gmt":"2022-07-20T04:08:00","guid":{"rendered":"https:\/\/panoramadelsur.com.ar\/?p=26064"},"modified":"2022-07-19T13:44:29","modified_gmt":"2022-07-19T16:44:29","slug":"huracan-recibira-al-sorprendente-godoy-cruz-en-el-palacio-duco","status":"publish","type":"post","link":"https:\/\/panoramadelsur.com.ar\/?p=26064","title":{"rendered":"HURAC\u00c1N RECIBIR\u00c1 AL SORPRENDENTE GODOY CRUZ EN EL PALACIO DUC\u00d3"},"content":{"rendered":"\n<p class=\"wp-block-paragraph\">Hurac\u00e1n recibir\u00e1 este mi\u00e9rcoles a Godoy Cruz, una de las sorpresas del torneo 2022 de la Liga Profesional de F\u00fatbol, en un duelo de equipos en racha positiva.<\/p>\n\n\n\n<p class=\"wp-block-paragraph\">El partido, correspondiente a la novena fecha, se jugar\u00e1 desde las 21.30 en el estadio Tom\u00e1s Adolfo Duc\u00f3, con Dar\u00edo Herrera como \u00e1rbitro y ser\u00e1 televisado por TNT Sports.<\/p>\n\n\n\n<p class=\"wp-block-paragraph\">En el VAR estar\u00e1n Leandro Rey Hilfer y Lucas Novelli.<\/p>\n\n\n\n<p class=\"wp-block-paragraph\">Godoy Cruz termin\u00f3 la octava fecha del campeonato en lo m\u00e1s alto de la tabla de posiciones, con 16 puntos, y lo deber\u00e1 defender en su complicada visita a Hurac\u00e1n, que lo persigue con 15.<\/p>\n\n\n\n<p class=\"wp-block-paragraph\">El \u00abTomba\u00bb le gan\u00f3 el domingo a Lan\u00fas por 2-1 en Mendoza y lleva cinco fechas sin perder, con cuatro triunfos y un empate.<\/p>\n\n\n\n<p class=\"wp-block-paragraph\">Adem\u00e1s, el equipo de la dupla Sergio G\u00f3mez-Favio Orsi se meti\u00f3 en los octavos de final de la Copa Argentina tras otro triunfo sobre el \u00abGranate\u00bb (3-1) en C\u00f3rdoba.<\/p>\n\n\n\n<p class=\"wp-block-paragraph\">Hurac\u00e1n tambi\u00e9n est\u00e1 de racha porque no pierde desde el debut ante Racing Club en Avellaneda y despu\u00e9s consigui\u00f3 cuatro victorias y tres empates.<\/p>\n\n\n\n<p class=\"wp-block-paragraph\">En su \u00faltima presentaci\u00f3n igual\u00f3 sin goles ante Uni\u00f3n en Santa Fe y dej\u00f3 pasar una buena oportunidad de quedar puntero.<\/p>\n\n\n\n<p class=\"wp-block-paragraph\">El objetivo primordial de ambos equipos, sin embargo, no es pelear por el t\u00edtulo pero mientras tanto se ilusionan con el buen presente.<\/p>\n\n\n\n<p class=\"wp-block-paragraph\">El equipo mendocino lucha por la permanencia en la categor\u00eda (todav\u00eda est\u00e1 a seis puntos de la zona de descenso) y el \u00abGlobo\u00bb intentar\u00e1 volver a una copa internacional luego de quedar en la puerta de clasificaci\u00f3n a la Copa Sudamericana en la \u00faltima temporada.<\/p>\n\n\n\n<p class=\"wp-block-paragraph\">El panorama de Godoy Cruz podr\u00eda cambiar en las pr\u00f3ximas fechas ya que est\u00e1 cerca de desprenderse de dos figuras importantes.<\/p>\n\n\n\n<p class=\"wp-block-paragraph\">El mediocampista ofensivo Mart\u00edn Ojeda tiene su salida avanzada a Botafogo, de Brasil; y el delantero Ezequiel Bullaude, quien justamente debut\u00f3 en Primera de la mano de Diego Dabove, es pretendido por AZ Alkmaar, de Pa\u00edses Bajos.<\/p>\n\n\n\n<p class=\"wp-block-paragraph\">Hurac\u00e1n tendr\u00e1 una baja en la defensa ya que el lateral derecho chileno Guillermo Soto lleg\u00f3 a la quinta tarjeta amarilla e Ismael Quilez, quien se perdi\u00f3 los \u00faltimos dos partidos por una lesi\u00f3n muscular, ser\u00eda su reemplazante.<\/p>\n\n\n\n<p class=\"wp-block-paragraph\">En Primera Divisi\u00f3n, se enfrentaron 15 veces con 6 triunfos de Godoy Cruz, 5 de Hurac\u00e1n y 4 empates.<\/p>\n\n\n\n<p class=\"wp-block-paragraph\">&#8211;Posibles formaciones&#8211;<\/p>\n\n\n\n<p class=\"wp-block-paragraph\">Hurac\u00e1n: Lucas Chaves; Ismael Quilez, Fernando Tobio, Lucas Merolla y Walter P\u00e9rez; Santiago Hezze y Federico Fattori; Gabriel Gudi\u00f1o, Franco Cristaldo, Benjam\u00edn Garr\u00e9; y Mat\u00edas C\u00f3ccaro. DT: Diego Dabove.<\/p>\n\n\n\n<p class=\"wp-block-paragraph\">Godoy Cruz: Diego Rodr\u00edguez; N\u00e9stor Breitenbruch, Pier Barrios, Guillermo Ortiz y Franco Negri; Juan Andrada o Nelson Acevedo y Gonzalo Abrego; Tadeo Allende, Ezequiel Bullaude, Mart\u00edn Ojeda; y Salom\u00f3n Rodr\u00edguez. DT: Favio Orsi-Sergio G\u00f3mez.<\/p>\n\n\n\n<p class=\"wp-block-paragraph\">Hora: 21.30<\/p>\n\n\n\n<p class=\"wp-block-paragraph\">Estadio: Hurac\u00e1n<\/p>\n\n\n\n<p class=\"wp-block-paragraph\">\u00c1rbitro: Dar\u00edo Herrera<\/p>\n\n\n\n<p class=\"wp-block-paragraph\">TV: TNT Sports.<\/p>\n","protected":false},"excerpt":{"rendered":"<p>Hurac\u00e1n recibir\u00e1<\/p>\n","protected":false},"author":1,"featured_media":39574,"comment_status":"open","ping_status":"open","sticky":false,"template":"","format":"standard","meta":{"footnotes":""},"categories":[6],"tags":[22,29,50],"class_list":["post-26064","post","type-post","status-publish","format-standard","has-post-thumbnail","hentry","category-deportes","tag-futbol","tag-liga-profesional","tag-lpf"],"_links":{"self":[{"href":"https:\/\/panoramadelsur.com.ar\/index.php?rest_route=\/wp\/v2\/posts\/26064","targetHints":{"allow":["GET"]}}],"collection":[{"href":"https:\/\/panoramadelsur.com.ar\/index.php?rest_route=\/wp\/v2\/posts"}],"about":[{"href":"https:\/\/panoramadelsur.com.ar\/index.php?rest_route=\/wp\/v2\/types\/post"}],"author":[{"embeddable":true,"href":"https:\/\/panoramadelsur.com.ar\/index.php?rest_route=\/wp\/v2\/users\/1"}],"replies":[{"embeddable":true,"href":"https:\/\/panoramadelsur.com.ar\/index.php?rest_route=%2Fwp%2Fv2%2Fcomments&post=26064"}],"version-history":[{"count":1,"href":"https:\/\/panoramadelsur.com.ar\/index.php?rest_route=\/wp\/v2\/posts\/26064\/revisions"}],"predecessor-version":[{"id":26066,"href":"https:\/\/panoramadelsur.com.ar\/index.php?rest_route=\/wp\/v2\/posts\/26064\/revisions\/26066"}],"wp:featuredmedia":[{"embeddable":true,"href":"https:\/\/panoramadelsur.com.ar\/index.php?rest_route=\/wp\/v2\/media\/39574"}],"wp:attachment":[{"href":"https:\/\/panoramadelsur.com.ar\/index.php?rest_route=%2Fwp%2Fv2%2Fmedia&parent=26064"}],"wp:term":[{"taxonomy":"category","embeddable":true,"href":"https:\/\/panoramadelsur.com.ar\/index.php?rest_route=%2Fwp%2Fv2%2Fcategories&post=26064"},{"taxonomy":"post_tag","embeddable":true,"href":"https:\/\/panoramadelsur.com.ar\/index.php?rest_route=%2Fwp%2Fv2%2Ftags&post=26064"}],"curies":[{"name":"wp","href":"https:\/\/api.w.org\/{rel}","templated":true}]}}