{"id":26071,"date":"2022-07-20T01:01:00","date_gmt":"2022-07-20T04:01:00","guid":{"rendered":"https:\/\/panoramadelsur.com.ar\/?p=26071"},"modified":"2022-07-19T16:43:18","modified_gmt":"2022-07-19T19:43:18","slug":"independiente-visita-al-necesitado-defensa-y-justicia-en-busca-de-tranquilidad","status":"publish","type":"post","link":"https:\/\/panoramadelsur.com.ar\/?p=26071","title":{"rendered":"INDEPENDIENTE VISITA AL NECESITADO DEFENSA Y JUSTICIA EN BUSCA DE TRANQUILIDAD"},"content":{"rendered":"\n<p class=\"wp-block-paragraph\">Independiente, inmerso en una crisis institucional y deportiva, visitar\u00e1 este mi\u00e9rcoles a Defensa y Justicia, que gan\u00f3 un solo partido en el torneo 2022 de la Liga Profesional de F\u00fatbol, en la continuidad de la novena fecha.<\/p>\n\n\n\n<p class=\"wp-block-paragraph\">El partido comenzar\u00e1 a las 19 en el estadio Norberto \u00abTito\u00bb Tomaghello de Florencio Varela, con Nazareno Arasa como \u00e1rbitro y transmisi\u00f3n de ESPN Premium.<\/p>\n\n\n\n<p class=\"wp-block-paragraph\">A cargo del VAR estar\u00e1n Pablo D\u00f3valo y Diego Ceballos.<\/p>\n\n\n\n<p class=\"wp-block-paragraph\">Tras la salida de Eduardo Dom\u00ednguez despu\u00e9s de la ca\u00edda en el cl\u00e1sico ante Racing Club (1-0), el \u00abRojo\u00bb cort\u00f3 la racha de derrotas con el empate sin goles ante Rosario Central bajo la conducci\u00f3n de Claudio Graf.<\/p>\n\n\n\n<p class=\"wp-block-paragraph\">Sin embargo, despu\u00e9s del partido, los hinchas expresaron su bronca por la realidad institucional del club con una larga protesta en las afueras del estadio Libertadores de Am\u00e9rica-Ricardo Bochini.<\/p>\n\n\n\n<p class=\"wp-block-paragraph\">En busca de un resultado deportivo que aporte un poco de tranquilidad al d\u00eda a d\u00eda, Independiente visitar\u00e1 a un necesitado Defensa y Justicia, que perdi\u00f3 ante Sarmiento (2-0) en Jun\u00edn en su \u00faltimo compromiso.<\/p>\n\n\n\n<p class=\"wp-block-paragraph\">El equipo de Sebasti\u00e1n Beccacece se est\u00e1 rearmando luego de muchas salidas y solo gan\u00f3 dos partidos en el semestre: el \u00faltimo de local ante Aldovisi (3-2) y por Copa Argentina ante Argentinos Juniors (1-0) en La Plata para avanzar a los octavos de final, donde enfrentar\u00e1 a River Plate.<\/p>\n\n\n\n<p class=\"wp-block-paragraph\">El \u00abHalc\u00f3n\u00bb jug\u00f3 la fase final de la \u00faltima Copa de la Liga Profesional pero en el presente torneo est\u00e1 24to con 7 puntos producto de una victoria y cuatro empates.<\/p>\n\n\n\n<p class=\"wp-block-paragraph\">Independiente tiene apenas un punto m\u00e1s y se ubica en la 22da posici\u00f3n.<\/p>\n\n\n\n<p class=\"wp-block-paragraph\">El entrenador interino del \u00abRey de Copas\u00bb tiene que afrontar otro problema ya que el delantero Facundo Ferreyra, uno de los refuerzos, sufri\u00f3 una sobrecarga muscular en el b\u00edceps femoral y ser\u00e1 baja.<\/p>\n\n\n\n<p class=\"wp-block-paragraph\">La ausencia de \u00abChucky\u00bb se suma a la del goleador Leandro Benegas, quien tambi\u00e9n se recupera de una dolencia muscular.<\/p>\n\n\n\n<p class=\"wp-block-paragraph\">La opci\u00f3n es que juegue Leandro Fern\u00e1ndez pero no se descarta que pueda ingresar alguno de los j\u00f3venes que Graf conoce de la reserva como Santiago Hidalgo, Juli\u00e1n Romero o Ramiro Lobo.<\/p>\n\n\n\n<p class=\"wp-block-paragraph\">Luego de tres enfrentamientos seguidos en Avellaneda con dos triunfos locales y un empate, Defensa e Independiente volver\u00e1n a jugar en Florencio Varela.<\/p>\n\n\n\n<p class=\"wp-block-paragraph\">El \u00faltimo antecedente fue en la Copa de la Liga de 2020 con un empate sin goles y curiosamente el \u00abHalc\u00f3n\u00bb nunca le pudo ganar a Independiente en casa en los cuatro partidos que jugaron en el \u00abTito\u00bb Tomaghello.<\/p>\n\n\n\n<p class=\"wp-block-paragraph\">-Probables formaciones-<\/p>\n\n\n\n<p class=\"wp-block-paragraph\">Defensa y Justicia: Ezequiel Unsain; Nazareno Colombo, Adonis Fr\u00edas y Tom\u00e1s Cardona; Fabricio Dom\u00ednguez, Nicol\u00e1s Tripichio, Kevin Guti\u00e9rrez y Gast\u00f3n Togni; Tom\u00e1s Galv\u00e1n; Lucas Albertengo y Nicol\u00e1s Fern\u00e1ndez. DT: Sebasti\u00e1n Beccacece.<\/p>\n\n\n\n<p class=\"wp-block-paragraph\">Independiente: Sebasti\u00e1n Sosa; Alex Vigo, Sergio Barreto, Juan Insaurralde y Lucas Rodr\u00edguez; Iv\u00e1n Marcone y Lucas Romero; Tom\u00e1s Pozzo, Alan So\u00f1ora, Dami\u00e1n Batallini o Juan Cazares; y Leandro Fern\u00e1ndez. DT: Claudio Graf.<\/p>\n\n\n\n<p class=\"wp-block-paragraph\">Estadio: Defensa y Justicia<\/p>\n\n\n\n<p class=\"wp-block-paragraph\">\u00c1rbitro: Nazareno Arasa<\/p>\n\n\n\n<p class=\"wp-block-paragraph\">Hora: 19<\/p>\n\n\n\n<p class=\"wp-block-paragraph\">TV: ESPN Premium<\/p>\n","protected":false},"excerpt":{"rendered":"<p>Independiente, inmerso<\/p>\n","protected":false},"author":1,"featured_media":39574,"comment_status":"open","ping_status":"open","sticky":false,"template":"","format":"standard","meta":{"footnotes":""},"categories":[6],"tags":[22,29,50,30],"class_list":["post-26071","post","type-post","status-publish","format-standard","has-post-thumbnail","hentry","category-deportes","tag-futbol","tag-liga-profesional","tag-lpf","tag-varela"],"_links":{"self":[{"href":"https:\/\/panoramadelsur.com.ar\/index.php?rest_route=\/wp\/v2\/posts\/26071","targetHints":{"allow":["GET"]}}],"collection":[{"href":"https:\/\/panoramadelsur.com.ar\/index.php?rest_route=\/wp\/v2\/posts"}],"about":[{"href":"https:\/\/panoramadelsur.com.ar\/index.php?rest_route=\/wp\/v2\/types\/post"}],"author":[{"embeddable":true,"href":"https:\/\/panoramadelsur.com.ar\/index.php?rest_route=\/wp\/v2\/users\/1"}],"replies":[{"embeddable":true,"href":"https:\/\/panoramadelsur.com.ar\/index.php?rest_route=%2Fwp%2Fv2%2Fcomments&post=26071"}],"version-history":[{"count":1,"href":"https:\/\/panoramadelsur.com.ar\/index.php?rest_route=\/wp\/v2\/posts\/26071\/revisions"}],"predecessor-version":[{"id":26073,"href":"https:\/\/panoramadelsur.com.ar\/index.php?rest_route=\/wp\/v2\/posts\/26071\/revisions\/26073"}],"wp:featuredmedia":[{"embeddable":true,"href":"https:\/\/panoramadelsur.com.ar\/index.php?rest_route=\/wp\/v2\/media\/39574"}],"wp:attachment":[{"href":"https:\/\/panoramadelsur.com.ar\/index.php?rest_route=%2Fwp%2Fv2%2Fmedia&parent=26071"}],"wp:term":[{"taxonomy":"category","embeddable":true,"href":"https:\/\/panoramadelsur.com.ar\/index.php?rest_route=%2Fwp%2Fv2%2Fcategories&post=26071"},{"taxonomy":"post_tag","embeddable":true,"href":"https:\/\/panoramadelsur.com.ar\/index.php?rest_route=%2Fwp%2Fv2%2Ftags&post=26071"}],"curies":[{"name":"wp","href":"https:\/\/api.w.org\/{rel}","templated":true}]}}