{"id":26075,"date":"2022-07-19T16:51:42","date_gmt":"2022-07-19T19:51:42","guid":{"rendered":"https:\/\/panoramadelsur.com.ar\/?p=26075"},"modified":"2022-07-19T16:51:44","modified_gmt":"2022-07-19T19:51:44","slug":"el-ministerio-de-salud-bonaerense-alerto-por-el-aumento-de-casos-de-covid-19","status":"publish","type":"post","link":"https:\/\/panoramadelsur.com.ar\/?p=26075","title":{"rendered":"EL MINISTERIO DE SALUD BONAERENSE ALERT\u00d3 POR EL AUMENTO DE CASOS DE COVID-19"},"content":{"rendered":"\n<p class=\"wp-block-paragraph\">El Ministerio de Salud de la provincia de Buenos Aires indic\u00f3 hoy que por tercera semana consecutiva se registr\u00f3 un aumento de casos de coronavirus y record\u00f3 que la poblaci\u00f3n debe aplicarse los refuerzos de la vacuna para evitar la suba de los contagios.<\/p>\n\n\n\n<p class=\"wp-block-paragraph\">En un comunicado oficial, se indic\u00f3 que los \u00faltimos datos dan cuenta de un crecimiento de alrededor del 24% de los enfermos por coronavirus.<\/p>\n\n\n\n<p class=\"wp-block-paragraph\">Desde la cartera que conduce Nicol\u00e1s Kreplak se record\u00f3 que todas las personas de m\u00e1s de 18 a\u00f1os que ya pasaron cuatro meses desde la aplicaci\u00f3n de la \u00faltima vacuna contra el coronavirus deben aplicarse un refuerzo.<\/p>\n\n\n\n<p class=\"wp-block-paragraph\">En este sentido, se precis\u00f3 que en territorio bonaerense se disponen de todas las dosis y se puede concurrir sin turno previo al vacunatorio m\u00e1s pr\u00f3ximo.<\/p>\n\n\n\n<p class=\"wp-block-paragraph\">Si pasaron 4 meses de la \u00faltima aplicaci\u00f3n ten\u00e9s que vacunarte con la cuarta o la quinta dosis seg\u00fan te corresponda, de manera libre y federal.<\/p>\n\n\n\n<p class=\"wp-block-paragraph\">Adem\u00e1s, se record\u00f3 que en la provincia de Buenos Aires la vacuna es libre y federal para los bonaerenses y personas de otras jurisdicciones as\u00ed como extranjeras.<\/p>\n\n\n\n<p class=\"wp-block-paragraph\">Respecto a la poblaci\u00f3n pedi\u00e1trica, se indic\u00f3 que las ni\u00f1as y ni\u00f1os de m\u00e1s de 3 a\u00f1os deben contar con la primera y segunda dosis de la vacuna y que para mayores de 5 est\u00e1 disponible, desde mayo, la tercera dosis (primer refuerzo).<\/p>\n\n\n\n<p class=\"wp-block-paragraph\">Se record\u00f3, tambi\u00e9n, que en la provincia de Buenos Aires se aplica una quinta dosis de la vacuna contra la Covid-19 a las personas mayores de 50 a\u00f1os que recibieron como primeras 2 dosis la vacuna Sinopharm y a las personas inmunocomprometidas mayores de 12 a\u00f1os.<\/p>\n\n\n\n<p class=\"wp-block-paragraph\">En este caso, la quinta dosis ser\u00eda el segundo refuerzo, ya que este grupo recibi\u00f3 un esquema primario de 3 dosis (2 dosis y una adicional), a diferencia de la mayor\u00eda de la poblaci\u00f3n que tuvo un esquema primario de dos dosis. Tambi\u00e9n tienen que haber pasado 4 meses desde la aplicaci\u00f3n de la \u00faltima vacuna.<\/p>\n\n\n\n<p class=\"wp-block-paragraph\">Hasta el momento, en el territorio bonaerense, se han aplicado 41.481.390 vacunas, de las cuales 15.983.300 corresponden a la primera dosis; 14.582.588 a la segunda; 9.432.082 a la tercera (primer refuerzo) y 1.483.420 a la cuarta (segundo refuerzo). <\/p>\n","protected":false},"excerpt":{"rendered":"<p>El Ministerio<\/p>\n","protected":false},"author":1,"featured_media":39574,"comment_status":"open","ping_status":"open","sticky":false,"template":"","format":"standard","meta":{"footnotes":""},"categories":[5],"tags":[28,27],"class_list":["post-26075","post","type-post","status-publish","format-standard","has-post-thumbnail","hentry","category-provincia","tag-gba","tag-provincia"],"_links":{"self":[{"href":"https:\/\/panoramadelsur.com.ar\/index.php?rest_route=\/wp\/v2\/posts\/26075","targetHints":{"allow":["GET"]}}],"collection":[{"href":"https:\/\/panoramadelsur.com.ar\/index.php?rest_route=\/wp\/v2\/posts"}],"about":[{"href":"https:\/\/panoramadelsur.com.ar\/index.php?rest_route=\/wp\/v2\/types\/post"}],"author":[{"embeddable":true,"href":"https:\/\/panoramadelsur.com.ar\/index.php?rest_route=\/wp\/v2\/users\/1"}],"replies":[{"embeddable":true,"href":"https:\/\/panoramadelsur.com.ar\/index.php?rest_route=%2Fwp%2Fv2%2Fcomments&post=26075"}],"version-history":[{"count":1,"href":"https:\/\/panoramadelsur.com.ar\/index.php?rest_route=\/wp\/v2\/posts\/26075\/revisions"}],"predecessor-version":[{"id":26077,"href":"https:\/\/panoramadelsur.com.ar\/index.php?rest_route=\/wp\/v2\/posts\/26075\/revisions\/26077"}],"wp:featuredmedia":[{"embeddable":true,"href":"https:\/\/panoramadelsur.com.ar\/index.php?rest_route=\/wp\/v2\/media\/39574"}],"wp:attachment":[{"href":"https:\/\/panoramadelsur.com.ar\/index.php?rest_route=%2Fwp%2Fv2%2Fmedia&parent=26075"}],"wp:term":[{"taxonomy":"category","embeddable":true,"href":"https:\/\/panoramadelsur.com.ar\/index.php?rest_route=%2Fwp%2Fv2%2Fcategories&post=26075"},{"taxonomy":"post_tag","embeddable":true,"href":"https:\/\/panoramadelsur.com.ar\/index.php?rest_route=%2Fwp%2Fv2%2Ftags&post=26075"}],"curies":[{"name":"wp","href":"https:\/\/api.w.org\/{rel}","templated":true}]}}