{"id":26086,"date":"2022-07-19T18:25:00","date_gmt":"2022-07-19T21:25:00","guid":{"rendered":"https:\/\/panoramadelsur.com.ar\/?p=26086"},"modified":"2022-07-19T18:33:30","modified_gmt":"2022-07-19T21:33:30","slug":"nuevos-equipos-odontologicos-para-el-dispensario-municipal-ramon-carrillo","status":"publish","type":"post","link":"https:\/\/panoramadelsur.com.ar\/?p=26086","title":{"rendered":"NUEVOS EQUIPOS ODONTOL\u00d3GICOS PARA EL DISPENSARIO MUNICIPAL RAM\u00d3N CARRILLO"},"content":{"rendered":"\n<p class=\"wp-block-paragraph\">El Municipio de Quilmes informa que el secretario de Salud local, Dr. Jonat\u00e1n Konfino, y el director de Salud bucal del Ministerio de Salud bonaerense, Dr. Alejandro D\u00e1vila, recorrieron este martes la Guardia de Odontolog\u00eda que funciona en el Dispensario Municipal Ram\u00f3n Carrillo (Islas Malvinas 801, Quilmes Oeste) para poner en funcionamiento los dos nuevos sillones odontol\u00f3gicos y equipos de rayos entregados por Naci\u00f3n y Provincia, para seguir fortaleciendo el sistema de salud local. &nbsp;<\/p>\n\n\n\n<p class=\"wp-block-paragraph\">Es importante se\u00f1alar que el Dispensario Municipal cuenta con atenci\u00f3n odontol\u00f3gica programada, al igual que los distintos CAPS y CIC del distrito. Y adem\u00e1s, con una guardia que funciona de lunes a viernes de 19.00 a 7.00, y los fines de semana y feriados durante las 24 horas.<\/p>\n\n\n\n<p class=\"wp-block-paragraph\">Cabe agregar que tambi\u00e9n se instalaron nuevos sillones odontol\u00f3gicos en el CIC Mar\u00eda Eva (Pampa 4326, Bernal Oeste), el CAPS La Paz (calle 892 y 802, Quilmes Oeste), y en la Unidad Sanitaria Dr. Diego Paroissien (Luis Agote entre Marcelo T. De Alvear y Larrea, Quilmes Oeste). Estos equipamientos ayudar\u00e1n a mejorar el acceso a la atenci\u00f3n y cuidados en salud bucal de los vecinos y vecinas de Quilmes.<\/p>\n\n\n\n<p class=\"wp-block-paragraph\">De la recorrida tambi\u00e9n participaron el director del Dispensario, Diego Timpanaro; la directora de Programas Sanitarios, Ver\u00f3nica V\u00e1zquez, y la subsecretaria de Atenci\u00f3n Primaria de la Salud, Comunitaria y Ambulatoria, Soledad Bustos.<\/p>\n","protected":false},"excerpt":{"rendered":"<p>El Municipio<\/p>\n","protected":false},"author":1,"featured_media":39574,"comment_status":"open","ping_status":"open","sticky":false,"template":"","format":"standard","meta":{"footnotes":""},"categories":[2],"tags":[35,17],"class_list":["post-26086","post","type-post","status-publish","format-standard","has-post-thumbnail","hentry","category-quilmes","tag-municipio-de-quilmes","tag-quilmes"],"_links":{"self":[{"href":"https:\/\/panoramadelsur.com.ar\/index.php?rest_route=\/wp\/v2\/posts\/26086","targetHints":{"allow":["GET"]}}],"collection":[{"href":"https:\/\/panoramadelsur.com.ar\/index.php?rest_route=\/wp\/v2\/posts"}],"about":[{"href":"https:\/\/panoramadelsur.com.ar\/index.php?rest_route=\/wp\/v2\/types\/post"}],"author":[{"embeddable":true,"href":"https:\/\/panoramadelsur.com.ar\/index.php?rest_route=\/wp\/v2\/users\/1"}],"replies":[{"embeddable":true,"href":"https:\/\/panoramadelsur.com.ar\/index.php?rest_route=%2Fwp%2Fv2%2Fcomments&post=26086"}],"version-history":[{"count":1,"href":"https:\/\/panoramadelsur.com.ar\/index.php?rest_route=\/wp\/v2\/posts\/26086\/revisions"}],"predecessor-version":[{"id":26088,"href":"https:\/\/panoramadelsur.com.ar\/index.php?rest_route=\/wp\/v2\/posts\/26086\/revisions\/26088"}],"wp:featuredmedia":[{"embeddable":true,"href":"https:\/\/panoramadelsur.com.ar\/index.php?rest_route=\/wp\/v2\/media\/39574"}],"wp:attachment":[{"href":"https:\/\/panoramadelsur.com.ar\/index.php?rest_route=%2Fwp%2Fv2%2Fmedia&parent=26086"}],"wp:term":[{"taxonomy":"category","embeddable":true,"href":"https:\/\/panoramadelsur.com.ar\/index.php?rest_route=%2Fwp%2Fv2%2Fcategories&post=26086"},{"taxonomy":"post_tag","embeddable":true,"href":"https:\/\/panoramadelsur.com.ar\/index.php?rest_route=%2Fwp%2Fv2%2Ftags&post=26086"}],"curies":[{"name":"wp","href":"https:\/\/api.w.org\/{rel}","templated":true}]}}