{"id":26089,"date":"2022-07-19T18:59:44","date_gmt":"2022-07-19T21:59:44","guid":{"rendered":"https:\/\/panoramadelsur.com.ar\/?p=26089"},"modified":"2022-07-19T18:59:45","modified_gmt":"2022-07-19T21:59:45","slug":"balean-a-un-policia-que-se-enfrento-a-delincuentes-que-le-robaron-la-moto-en-bernal","status":"publish","type":"post","link":"https:\/\/panoramadelsur.com.ar\/?p=26089","title":{"rendered":"BALEAN A UN POLIC\u00cdA QUE SE ENFRENT\u00d3 A DELINCUENTES QUE LE ROBARON LA MOTO EN BERNAL"},"content":{"rendered":"\n<p class=\"wp-block-paragraph\">Un oficial de la Polic\u00eda de la Ciudad de 42 a\u00f1os fue baleado al tirotearse con delincuentes que le robaron la motocicleta durante un asalto en la localidad bonaerense de Bernal, partido de Quilmes, informaron hoy fuentes policiales.<\/p>\n\n\n\n<p class=\"wp-block-paragraph\">El hecho ocurri\u00f3 hoy en la intersecci\u00f3n de la avenida Calchaqu\u00ed y la calle Cerrito de la mencionada localidad del sur del conurbano, adonde arribaron los polic\u00edas tras ser alertados por un llamado al 911.<\/p>\n\n\n\n<p class=\"wp-block-paragraph\">Al llegar al lugar, los efectivos de la comisar\u00eda 2da. de dicha jurisdicci\u00f3n constataron la presencia de un hombre con una herida de arma de fuego, quien refiri\u00f3 ser oficial de polic\u00eda.<\/p>\n\n\n\n<p class=\"wp-block-paragraph\">Seg\u00fan el relato del efectivo que se encontraba vestido de civil, momentos antes, cuando se trasladaba a bordo de su motocicleta marca Honda Twister de color negra fue interceptado por cuatro hombres a bordo de dos motocicletas quienes le apuntaron con armas de fuego con la finalidad de sustraerle su veh\u00edculo.<\/p>\n\n\n\n<p class=\"wp-block-paragraph\">En esas circunstancias, el polic\u00eda se resisti\u00f3 al asalto y uno de los delincuentes efectu\u00f3 un disparo que lo hiri\u00f3 a la altura del muslo izquierdo, por lo que detuvo la marcha del rodado y se lo robaron.<\/p>\n\n\n\n<p class=\"wp-block-paragraph\">En ese momento, el oficial repeli\u00f3 la agresi\u00f3n utilizando su arma reglamentaria y efectu\u00f3 una serie de disparos, aunque los delincuentes escaparon.<\/p>\n\n\n\n<p class=\"wp-block-paragraph\">Los voceros indicaron que la v\u00edctima fue trasladada al Hospital de Alta Complejidad de Florencio Varela, donde permanec\u00eda internada aunque fuera de peligro.<\/p>\n\n\n\n<p class=\"wp-block-paragraph\">Durante el procedimiento, los efectivos secuestraron el arma reglamentaria del oficial de polic\u00eda para realizar las pericias correspondientes.<\/p>\n\n\n\n<p class=\"wp-block-paragraph\">En el hecho intervino la Unidad Funcional de Instrucci\u00f3n (UFI) 3 del Departamento Judicial de Quilmes, a cargo de Mart\u00edn Conde, quien dispuso las diligencias de rigor.<\/p>\n","protected":false},"excerpt":{"rendered":"<p>Un oficial<\/p>\n","protected":false},"author":1,"featured_media":39574,"comment_status":"open","ping_status":"open","sticky":false,"template":"","format":"standard","meta":{"footnotes":""},"categories":[2],"tags":[72,17],"class_list":["post-26089","post","type-post","status-publish","format-standard","has-post-thumbnail","hentry","category-quilmes","tag-policiales","tag-quilmes"],"_links":{"self":[{"href":"https:\/\/panoramadelsur.com.ar\/index.php?rest_route=\/wp\/v2\/posts\/26089","targetHints":{"allow":["GET"]}}],"collection":[{"href":"https:\/\/panoramadelsur.com.ar\/index.php?rest_route=\/wp\/v2\/posts"}],"about":[{"href":"https:\/\/panoramadelsur.com.ar\/index.php?rest_route=\/wp\/v2\/types\/post"}],"author":[{"embeddable":true,"href":"https:\/\/panoramadelsur.com.ar\/index.php?rest_route=\/wp\/v2\/users\/1"}],"replies":[{"embeddable":true,"href":"https:\/\/panoramadelsur.com.ar\/index.php?rest_route=%2Fwp%2Fv2%2Fcomments&post=26089"}],"version-history":[{"count":1,"href":"https:\/\/panoramadelsur.com.ar\/index.php?rest_route=\/wp\/v2\/posts\/26089\/revisions"}],"predecessor-version":[{"id":26091,"href":"https:\/\/panoramadelsur.com.ar\/index.php?rest_route=\/wp\/v2\/posts\/26089\/revisions\/26091"}],"wp:featuredmedia":[{"embeddable":true,"href":"https:\/\/panoramadelsur.com.ar\/index.php?rest_route=\/wp\/v2\/media\/39574"}],"wp:attachment":[{"href":"https:\/\/panoramadelsur.com.ar\/index.php?rest_route=%2Fwp%2Fv2%2Fmedia&parent=26089"}],"wp:term":[{"taxonomy":"category","embeddable":true,"href":"https:\/\/panoramadelsur.com.ar\/index.php?rest_route=%2Fwp%2Fv2%2Fcategories&post=26089"},{"taxonomy":"post_tag","embeddable":true,"href":"https:\/\/panoramadelsur.com.ar\/index.php?rest_route=%2Fwp%2Fv2%2Ftags&post=26089"}],"curies":[{"name":"wp","href":"https:\/\/api.w.org\/{rel}","templated":true}]}}