{"id":26098,"date":"2022-07-19T20:31:08","date_gmt":"2022-07-19T23:31:08","guid":{"rendered":"https:\/\/panoramadelsur.com.ar\/?p=26098"},"modified":"2022-07-19T20:31:57","modified_gmt":"2022-07-19T23:31:57","slug":"kicillof-presento-el-programa-de-creditos-buenos-aires-crea","status":"publish","type":"post","link":"https:\/\/panoramadelsur.com.ar\/?p=26098","title":{"rendered":"KICILLOF PRESENT\u00d3 EL PROGRAMA DE CR\u00c9DITOS BUENOS AIRES CREA"},"content":{"rendered":"\n<p class=\"wp-block-paragraph\">El gobernador de la provincia de Buenos Aires, Axel Kicillof, encabez\u00f3 esta ma\u00f1ana en Alberti la presentaci\u00f3n del programa Buenos Aires Crea, que otorgar\u00e1 cr\u00e9ditos a tasa 0% de inter\u00e9s para la reforma, refacci\u00f3n y ampliaci\u00f3n de viviendas. Fue junto al ministro de H\u00e1bitat y Desarrollo Urbano, Agust\u00edn Simone; la ministra de Gobierno, Cristina \u00c1lvarez Rodr\u00edguez; y el intendente local, Germ\u00e1n Lago, quien suscribi\u00f3 la adhesi\u00f3n del municipio al plan.<\/p>\n\n\n\n<p class=\"wp-block-paragraph\">\u201cEste es un programa que podemos impulsar a partir de la recuperaci\u00f3n del Instituto de la Vivienda, que luego de ser abandonado durante cuatro a\u00f1os est\u00e1 nuevamente en marcha para abordar el problema habitacional en toda su dimensi\u00f3n\u201d, se\u00f1al\u00f3 Kicillof y agreg\u00f3: \u201cNo solo cuenta con 8 mil viviendas en proceso de construcci\u00f3n, sino que suma un plan central para ampliar y refaccionar las casas que no se encuentran en condiciones de habitabilidad\u201d.<\/p>\n\n\n\n<p class=\"wp-block-paragraph\">En ese sentido, el Gobernador se\u00f1al\u00f3 que \u201cse estima que cerca del 80% del d\u00e9ficit habitacional de nuestra Provincia se explica por la necesidad de mejorar y reformar viviendas que ya existen\u201d. \u201cCon esta herramienta, abordamos este problema brindando cr\u00e9ditos accesibles a trabajadores y trabajadoras que pagar\u00e1n una cuota que oscila hoy entre los 5 mil y los 10 mil pesos, estableciendo que nunca puedan crecer por encima del crecimiento de los salarios en la Argentina\u201d, a\u00f1adi\u00f3.<\/p>\n\n\n\n<p class=\"wp-block-paragraph\">Este a\u00f1o se invertir\u00e1n 20 mil millones de pesos para otorgar hasta 50 mil cr\u00e9ditos y se dar\u00e1 preferencia a las obras de arreglos de pisos, paredes y techos; construcci\u00f3n de ba\u00f1os y cocinas; ampliaci\u00f3n de habitaciones; adaptaci\u00f3n para personas con discapacidad; y uso m\u00e1s eficiente de la energ\u00eda.&nbsp;<\/p>\n\n\n\n<p class=\"wp-block-paragraph\">Los montos de los cr\u00e9ditos se determinar\u00e1n en Unidades de Vivienda (UVIs), se liquidar\u00e1n en pesos y tendr\u00e1n una actualizaci\u00f3n del capital por coeficiente&nbsp;<em>HogarBA<\/em>, estableciendo que la cuota no supere el 25% de los ingresos mensuales del beneficiario. El programa contar\u00e1 con tres l\u00edneas: refacciones menores, con montos hasta 185 mil pesos y repago en 36 cuotas mensuales; refacciones mayores, que asciende hasta los 370 mil pesos y su devoluci\u00f3n ser\u00e1 en 72 cuotas mensuales; y ampliaciones, con tope en 740 mil pesos y repago en 72 cuotas mensuales.<\/p>\n\n\n\n<p class=\"wp-block-paragraph\">\u201cUna de las primeras necesidades que identificamos en la Provincia es la de aquellas personas que tienen su casa pero que necesitan mejorarla, refaccionarla o ampliarla porque la familia creci\u00f3\u201d, sostuvo Simone y resalt\u00f3: \u201cBuenos Aires Crea es una herramienta pensada para que las y los bonaerenses puedan acceder de forma sencilla a un cr\u00e9dito que permita mejorar sus viviendas sin complicar en ning\u00fan momento la econom\u00eda familiar por el valor de las cuotas\u201d.<\/p>\n\n\n\n<p class=\"wp-block-paragraph\">En tanto, el intendente Lago remarc\u00f3: \u201cCelebro profundamente la decisi\u00f3n de la Provincia de darle rango ministerial a la cuesti\u00f3n del h\u00e1bitat y el desarrollo urbano, que impuls\u00f3 la articulaci\u00f3n necesaria para brindar m\u00e1s accesibilidad tanto para adquirir un lote como para construir o ampliar viviendas\u201d. \u201cEsta es una forma de dignificar a las familias de nuestro municipio y de generar m\u00e1s arraigo para los vecinos y vecinas de cada una de las localidades de Alberti\u201d, dijo.<\/p>\n\n\n\n<p class=\"wp-block-paragraph\">Se priorizar\u00e1 a familias numerosas o con miembros con alguna discapacidad; hogares monoparentales; personas en situaci\u00f3n de violencia de g\u00e9nero; personas trans; y bonaerenses que habiten barrios en situaci\u00f3n de vulnerabilidad social o ambiental. Entre los requisitos, se establece que se deber\u00e1 vivir en la vivienda que se pretende refaccionar; demostrar ingresos de entre uno y cinco salarios m\u00ednimos; y ser propietario de una vivienda familiar \u00fanica. La inscripci\u00f3n se realizar\u00e1 a trav\u00e9s del sitio&nbsp;<em>buenosairescrea.gba.gob.ar<\/em>.<\/p>\n\n\n\n<p class=\"wp-block-paragraph\">Por \u00faltimo, Kicillof concluy\u00f3: \u201cEsto implica mejores condiciones de vida, m\u00e1s dignidad y reconocimiento de los derechos y la justicia social en la provincia de Buenos Aires\u201d.<\/p>\n\n\n\n<p class=\"wp-block-paragraph\">Participaron el jefe de Asesores del Gobernador, Carlos Bianco; el director general de Cultura y Educaci\u00f3n, Alberto Sileoni; los intendentes de Carlos Casares, Daniel Stadnik; y de General Pinto, Jorge Zavatarelli; y el presidente de Servicoop, Alan Scacchi. Tambi\u00e9n estuvieron presentes la diputada nacional Constanza Alonso, y sus pares provinciales Nora Salbitano, Micaela Olivetto, Viviana Guzzo y Valeria Arata; la senadora bonaerense Mar\u00eda Elena Defunchio; el administrador general del Instituto de la Vivienda de la Provincia de Buenos Aires (IVBA), Diego Men\u00e9ndez; y el presidente del Concejo Deliberante local, Mariano Pulero.<\/p>\n","protected":false},"excerpt":{"rendered":"<p>El gobernador<\/p>\n","protected":false},"author":1,"featured_media":39574,"comment_status":"open","ping_status":"open","sticky":false,"template":"","format":"standard","meta":{"footnotes":""},"categories":[5],"tags":[],"class_list":["post-26098","post","type-post","status-publish","format-standard","has-post-thumbnail","hentry","category-provincia"],"_links":{"self":[{"href":"https:\/\/panoramadelsur.com.ar\/index.php?rest_route=\/wp\/v2\/posts\/26098","targetHints":{"allow":["GET"]}}],"collection":[{"href":"https:\/\/panoramadelsur.com.ar\/index.php?rest_route=\/wp\/v2\/posts"}],"about":[{"href":"https:\/\/panoramadelsur.com.ar\/index.php?rest_route=\/wp\/v2\/types\/post"}],"author":[{"embeddable":true,"href":"https:\/\/panoramadelsur.com.ar\/index.php?rest_route=\/wp\/v2\/users\/1"}],"replies":[{"embeddable":true,"href":"https:\/\/panoramadelsur.com.ar\/index.php?rest_route=%2Fwp%2Fv2%2Fcomments&post=26098"}],"version-history":[{"count":1,"href":"https:\/\/panoramadelsur.com.ar\/index.php?rest_route=\/wp\/v2\/posts\/26098\/revisions"}],"predecessor-version":[{"id":26099,"href":"https:\/\/panoramadelsur.com.ar\/index.php?rest_route=\/wp\/v2\/posts\/26098\/revisions\/26099"}],"wp:featuredmedia":[{"embeddable":true,"href":"https:\/\/panoramadelsur.com.ar\/index.php?rest_route=\/wp\/v2\/media\/39574"}],"wp:attachment":[{"href":"https:\/\/panoramadelsur.com.ar\/index.php?rest_route=%2Fwp%2Fv2%2Fmedia&parent=26098"}],"wp:term":[{"taxonomy":"category","embeddable":true,"href":"https:\/\/panoramadelsur.com.ar\/index.php?rest_route=%2Fwp%2Fv2%2Fcategories&post=26098"},{"taxonomy":"post_tag","embeddable":true,"href":"https:\/\/panoramadelsur.com.ar\/index.php?rest_route=%2Fwp%2Fv2%2Ftags&post=26098"}],"curies":[{"name":"wp","href":"https:\/\/api.w.org\/{rel}","templated":true}]}}