{"id":26107,"date":"2022-07-20T12:43:19","date_gmt":"2022-07-20T15:43:19","guid":{"rendered":"https:\/\/panoramadelsur.com.ar\/?p=26107"},"modified":"2022-07-20T12:43:20","modified_gmt":"2022-07-20T15:43:20","slug":"martinez-aseguro-que-la-inscripcion-a-subsidios-viene-funcionando-muy-bien","status":"publish","type":"post","link":"https:\/\/panoramadelsur.com.ar\/?p=26107","title":{"rendered":"MART\u00cdNEZ ASEGUR\u00d3 QUE LA INSCRIPCI\u00d3N A SUBSIDIOS VIENE FUNCIONANDO MUY BIEN"},"content":{"rendered":"\n<p class=\"wp-block-paragraph\">El secretario de Energ\u00eda, Dar\u00edo Mart\u00ednez, afirm\u00f3 hoy que la inscripci\u00f3n al nuevo r\u00e9gimen de subsidios al consumo de luz y gas \u201cviene funcionando muy bien\u201d, y reiter\u00f3 que se est\u00e1n cumpliendo \u201cen tiempo y forma\u201d los pasos para la licitaci\u00f3n y construcci\u00f3n del Gasoducto N\u00e9stor Kirchner.<\/p>\n\n\n\n<p class=\"wp-block-paragraph\">Consultado por la inscripci\u00f3n al nuevo esquema de segmentaci\u00f3n, Mart\u00ednez asegur\u00f3 que la misma \u201cviene funcionando muy bien\u201d y que responde a \u201cla decisi\u00f3n que ha tomado el Gobierno de hacer un uso m\u00e1s inteligente y eficiente de los subsidios\u201d:<\/p>\n\n\n\n<p class=\"wp-block-paragraph\">Del mismo modo, adelant\u00f3 que se est\u00e1n buscando nuevos acuerdos para facilitar su difusi\u00f3n.<\/p>\n\n\n\n<p class=\"wp-block-paragraph\">\u201cEstamos haciendo convenios y acuerdos con todas las provincias para que tambi\u00e9n las distribuidoras y los entes provinciales ayuden en la difusi\u00f3n para que la inscripci\u00f3n sea lo m\u00e1s r\u00e1pida posible\u201d, indic\u00f3 Mart\u00ednez esta ma\u00f1ana en di\u00e1logo con El Destape Radio.<\/p>\n\n\n\n<p class=\"wp-block-paragraph\">Seg\u00fan datos del Gobierno, hasta ayer 1.289.955 hogares ya hab\u00edan cargado sus datos en el Registro de Acceso a los Subsidios de Energ\u00eda (RASE).<\/p>\n\n\n\n<p class=\"wp-block-paragraph\">\u201dEst\u00e1 subiendo d\u00eda a d\u00eda la cantidad de inscriptos diarios\u00bb, enfatiz\u00f3 Mart\u00ednez, y agreg\u00f3: \u00abmientras m\u00e1s grande sea el n\u00famero de inscriptos, m\u00e1s ciudadanos protegidos vamos a tener\u201d.<\/p>\n\n\n\n<p class=\"wp-block-paragraph\">La inscripci\u00f3n a la segmentaci\u00f3n de tarifas se encuentra abierta desde hoy y hasta el viernes inclusive para los usuarios con DNI terminado en 3, 4 o 5, a trav\u00e9s del sitio www.argentina.gob.ar\/subsidios o la aplicaci\u00f3n MiArgentina.<\/p>\n\n\n\n<p class=\"wp-block-paragraph\">En tanto, quienes posean un DNI con terminaci\u00f3n en 6, 7, 8 o 9 deber\u00e1n realizar el tr\u00e1mite entre el 23 y el 26 de julio.<\/p>\n\n\n\n<p class=\"wp-block-paragraph\">En el caso de las personas que carezcan de dispositivo m\u00f3vil, computadora o acceso a Internet para completar de manera online el formulario, podr\u00e1n acercarse presencialmente a una oficina de Anses.<\/p>\n\n\n\n<p class=\"wp-block-paragraph\">\u201cEl objetivo es proteger al 90% de la ciudadan\u00eda (de ingresos bajos y medios) y s\u00f3lo buscar al 10% de mayores ingresos que va a ser el sector que va a perder de manera gradual los subsidios\u201d, reiter\u00f3.<\/p>\n\n\n\n<p class=\"wp-block-paragraph\">Del mismo modo, pidi\u00f3 \u201cfamiliarizarse con esta herramienta\u201d ya que \u201cno va a servir solamente para energ\u00eda sino que puede servir tambi\u00e9n para los subsidios al transporte y agua\u201d.<\/p>\n\n\n\n<p class=\"wp-block-paragraph\">\u201cLa herramienta es din\u00e1mica y va a seguir evolucionando a partir del a\u00f1o que viene y los siguientes\u201d, a medida de que \u201cse conforme la informaci\u00f3n de quienes conviven en un mismo hogar\u201d, afirm\u00f3.<\/p>\n\n\n\n<p class=\"wp-block-paragraph\">Por otra parte, el responsable de la Secretar\u00eda de Energ\u00eda recalc\u00f3 que la guerra entre Rusia y Ucrania ha provocado un alza en los precios energ\u00e9ticos y que, en ese sentido, el futuro Gasoducto N\u00e9stor Kirchner \u201ces una obra que le va a cambiar la vida a los argentinos\u201d.<\/p>\n\n\n\n<p class=\"wp-block-paragraph\">\u201cEl mill\u00f3n de BTU que nos costaba el a\u00f1o pasado US$ 8,50; hoy nos est\u00e1 costando, en promedio US$ 30, y la \u00faltima partida de barcos estaba entre US$ 48 y US$ 51\u201d, detall\u00f3 Martinez, e indic\u00f3 que, debido a la \u201cvolatilidad del precio\u201d, en cada licitaci\u00f3n la Secretar\u00eda \u201ctoma la decisi\u00f3n que conviene m\u00e1s\u201d, lo cual motiv\u00f3 a que, por ejemplo, en la \u00faltima semana se decida rechazar los barcos de Gas Natural Licuado y \u201cutilizar m\u00e1s gasoil\u201d por \u201cel valor exorbitante\u201d.<\/p>\n\n\n\n<p class=\"wp-block-paragraph\">Respecto del gasoducto, cuyos sobres de ofertas para ingenier\u00eda, provisi\u00f3n de equipos, materiales, construcci\u00f3n y v\u00e1lvulas se abrieron en las \u00faltimas semanas, Mart\u00ednez asegur\u00f3 que \u201cEnarsa viene en tiempo y forma con los pasos que se planificaron\u201d, y que \u201cel objetivo es finalizarlo entre julio y agosto\u201d del pr\u00f3ximo a\u00f1o.<\/p>\n\n\n\n<p class=\"wp-block-paragraph\">\u201cEsto es lo que realmente va a bajar el costo de la energ\u00eda en Argentina porque no vamos a importar tanto y vamos a utilizar gas nacional que nos cuesta US$ 3,50 y adem\u00e1s se paga en pesos\u201d, subray\u00f3.<\/p>\n\n\n\n<p class=\"wp-block-paragraph\">Consultado acerca del motivo por el cual el Gobierno no comenz\u00f3 con el gasoducto en los dos a\u00f1os de gesti\u00f3n, Mart\u00ednez argument\u00f3 que \u201chace veinte meses la producci\u00f3n declinaba al 8,5%\u201d, por lo que \u201cah\u00ed no hacia falta un gasoducto sino producir m\u00e1s gas\u201d.<\/p>\n\n\n\n<p class=\"wp-block-paragraph\">\u201cEn diciembre de 2020 se decidi\u00f3 lanzar el plan Gas.Ar y no s\u00f3lo frenamos ese declino, sino que empezamos a tener producci\u00f3n excedente\u201d, destac\u00f3 el secretario de Energ\u00eda. <\/p>\n","protected":false},"excerpt":{"rendered":"<p>El secretario<\/p>\n","protected":false},"author":1,"featured_media":39574,"comment_status":"open","ping_status":"open","sticky":false,"template":"","format":"standard","meta":{"footnotes":""},"categories":[4],"tags":[67,59,68,66],"class_list":["post-26107","post","type-post","status-publish","format-standard","has-post-thumbnail","hentry","category-nacionales","tag-energia","tag-nacionales","tag-rase","tag-subsidios"],"_links":{"self":[{"href":"https:\/\/panoramadelsur.com.ar\/index.php?rest_route=\/wp\/v2\/posts\/26107","targetHints":{"allow":["GET"]}}],"collection":[{"href":"https:\/\/panoramadelsur.com.ar\/index.php?rest_route=\/wp\/v2\/posts"}],"about":[{"href":"https:\/\/panoramadelsur.com.ar\/index.php?rest_route=\/wp\/v2\/types\/post"}],"author":[{"embeddable":true,"href":"https:\/\/panoramadelsur.com.ar\/index.php?rest_route=\/wp\/v2\/users\/1"}],"replies":[{"embeddable":true,"href":"https:\/\/panoramadelsur.com.ar\/index.php?rest_route=%2Fwp%2Fv2%2Fcomments&post=26107"}],"version-history":[{"count":1,"href":"https:\/\/panoramadelsur.com.ar\/index.php?rest_route=\/wp\/v2\/posts\/26107\/revisions"}],"predecessor-version":[{"id":26109,"href":"https:\/\/panoramadelsur.com.ar\/index.php?rest_route=\/wp\/v2\/posts\/26107\/revisions\/26109"}],"wp:featuredmedia":[{"embeddable":true,"href":"https:\/\/panoramadelsur.com.ar\/index.php?rest_route=\/wp\/v2\/media\/39574"}],"wp:attachment":[{"href":"https:\/\/panoramadelsur.com.ar\/index.php?rest_route=%2Fwp%2Fv2%2Fmedia&parent=26107"}],"wp:term":[{"taxonomy":"category","embeddable":true,"href":"https:\/\/panoramadelsur.com.ar\/index.php?rest_route=%2Fwp%2Fv2%2Fcategories&post=26107"},{"taxonomy":"post_tag","embeddable":true,"href":"https:\/\/panoramadelsur.com.ar\/index.php?rest_route=%2Fwp%2Fv2%2Ftags&post=26107"}],"curies":[{"name":"wp","href":"https:\/\/api.w.org\/{rel}","templated":true}]}}