{"id":26114,"date":"2022-07-20T13:14:37","date_gmt":"2022-07-20T16:14:37","guid":{"rendered":"https:\/\/panoramadelsur.com.ar\/?p=26114"},"modified":"2022-07-20T13:14:39","modified_gmt":"2022-07-20T16:14:39","slug":"se-abre-la-inscripcion-de-clases-de-natacion","status":"publish","type":"post","link":"https:\/\/panoramadelsur.com.ar\/?p=26114","title":{"rendered":"<strong>SE ABRE LA INSCRIPCI\u00d3N DE CLASES DE NATACI\u00d3N<\/strong>"},"content":{"rendered":"\n<p class=\"wp-block-paragraph\">El municipio de Quilmes informa que se abre inscripci\u00f3n al segundo semestre del programa de nataci\u00f3n en el Club Alem\u00e1n, de avenida Hip\u00f3lito Yrigoyen 1400; Quilmes Atl\u00e9tico Club, Guido 449; Club Atl\u00e9tico Bernal, Labard\u00e9n 527; Club Cooperarios, Andrade 3056; Club Social y Deportivo 12 de Octubre, avenida 12 de Octubre 580 y en Club Social y Deportivo Quilmes Oeste de avenida Vicente L\u00f3pez 235.<\/p>\n\n\n\n<p class=\"wp-block-paragraph\">Cabe destacar que las clases ser\u00e1n organizadas en grupos etarios: ni\u00f1os a partir de los 4 a\u00f1os, preescolares, adolescentes, adultos y adultos mayores.&nbsp; Las condiciones para anotarse son residir en Quilmes y ser mayor de cuatro a\u00f1os. Tambi\u00e9n, se deber\u00e1 presentar la declaraci\u00f3n jurada que se descarga desde la web del municipio. Los vecinos y vecinas que fueron beneficiados en el primer cuatrimestre del a\u00f1o 2022 no podr\u00e1n participar en el segundo cuatrimestre del mismo a\u00f1o.<\/p>\n\n\n\n<p class=\"wp-block-paragraph\">El Municipio propone e instrumenta distintos programas que tienen como objetivo fomentar la actividad f\u00edsica en la ciudad y desarrollar acciones integrales deportivo-recreativas, para todos los sectores de la comunidad (ni\u00f1o y ni\u00f1as, J\u00f3venes, adultos y personas mayores).<\/p>\n\n\n\n<p class=\"wp-block-paragraph\">Para asesoramiento comunicarse al tel\u00e9fono 4350 &#8211; 3000 (Interno 3068); por redes Sociales (Instagram), @QuilmesDeporte y por mail v\u00eda&nbsp;<a href=\"mailto:deportesyentidades@gmail.com\" target=\"_blank\" rel=\"noreferrer noopener\">deportesyentidades@gmail.com<\/a><\/p>\n\n\n\n<p class=\"wp-block-paragraph\">Los interesados deber\u00e1n realizar la declaraci\u00f3n jurada e inscribirse en:&nbsp;<a href=\"https:\/\/quilmes.gov.ar\/agendadeportes\/natacionClubesQv1.php\" target=\"_blank\" rel=\"noreferrer noopener\">https:\/\/quilmes.gov.ar\/agendadeportes\/natacionClubesQv1.php<\/a><\/p>\n","protected":false},"excerpt":{"rendered":"<p>El municipio<\/p>\n","protected":false},"author":1,"featured_media":39574,"comment_status":"open","ping_status":"open","sticky":false,"template":"","format":"standard","meta":{"footnotes":""},"categories":[2],"tags":[17],"class_list":["post-26114","post","type-post","status-publish","format-standard","has-post-thumbnail","hentry","category-quilmes","tag-quilmes"],"_links":{"self":[{"href":"https:\/\/panoramadelsur.com.ar\/index.php?rest_route=\/wp\/v2\/posts\/26114","targetHints":{"allow":["GET"]}}],"collection":[{"href":"https:\/\/panoramadelsur.com.ar\/index.php?rest_route=\/wp\/v2\/posts"}],"about":[{"href":"https:\/\/panoramadelsur.com.ar\/index.php?rest_route=\/wp\/v2\/types\/post"}],"author":[{"embeddable":true,"href":"https:\/\/panoramadelsur.com.ar\/index.php?rest_route=\/wp\/v2\/users\/1"}],"replies":[{"embeddable":true,"href":"https:\/\/panoramadelsur.com.ar\/index.php?rest_route=%2Fwp%2Fv2%2Fcomments&post=26114"}],"version-history":[{"count":1,"href":"https:\/\/panoramadelsur.com.ar\/index.php?rest_route=\/wp\/v2\/posts\/26114\/revisions"}],"predecessor-version":[{"id":26116,"href":"https:\/\/panoramadelsur.com.ar\/index.php?rest_route=\/wp\/v2\/posts\/26114\/revisions\/26116"}],"wp:featuredmedia":[{"embeddable":true,"href":"https:\/\/panoramadelsur.com.ar\/index.php?rest_route=\/wp\/v2\/media\/39574"}],"wp:attachment":[{"href":"https:\/\/panoramadelsur.com.ar\/index.php?rest_route=%2Fwp%2Fv2%2Fmedia&parent=26114"}],"wp:term":[{"taxonomy":"category","embeddable":true,"href":"https:\/\/panoramadelsur.com.ar\/index.php?rest_route=%2Fwp%2Fv2%2Fcategories&post=26114"},{"taxonomy":"post_tag","embeddable":true,"href":"https:\/\/panoramadelsur.com.ar\/index.php?rest_route=%2Fwp%2Fv2%2Ftags&post=26114"}],"curies":[{"name":"wp","href":"https:\/\/api.w.org\/{rel}","templated":true}]}}